{"id":23227,"date":"2022-02-07T12:36:40","date_gmt":"2022-02-07T18:36:40","guid":{"rendered":"https:\/\/encuentroinformativo.com.mx\/?p=23227"},"modified":"2022-02-07T12:36:44","modified_gmt":"2022-02-07T18:36:44","slug":"rafaguean-vehiculo-en-coatzintla-una-mujer-fallecida","status":"publish","type":"post","link":"https:\/\/encuentroinformativo.com.mx\/?p=23227","title":{"rendered":"Rafaguean veh\u00edculo en Coatzintla, una mujer fallecida"},"content":{"rendered":"\n<p><strong>Alejandro \u00c1vila<\/strong><\/p>\n\n\n\n<p>Coatzintla, Ver.- Un autom\u00f3vil que fue rafagueado en la localidad de Palma sola en el municipio de Coatzintla, dej\u00f3 como saldo, al menos una mujer fallecida.<\/p>\n\n\n\n<p>El conductor del veh\u00edculo no se encontraba en la unidad m\u00f3vil, y los presuntos sicarios huyeron del sitio sin poder ser detenidos por los elementos policiales.<\/p>\n\n\n\n<p>Minutos m\u00e1s tarde de registrarse este hecho violento, elementos de la Secretar\u00eda de Seguridad P\u00fablica arribaron al sitio de manera inmediata, para despu\u00e9s acordonar el \u00e1rea, en espera del arribo del perito criminalista, qui\u00e9nes tras realizar las investigaciones de rigor, ordenaron el traslado del cad\u00e1ver al SEMEFO.<\/p>\n\n\n\n<p>Hasta el momento se desconoce la identidad de la mujer fallecida, as\u00ed como la del conductor del veh\u00edculo, de qui\u00e9n no se sabe si fue trasladado a un hospital o fue levantado tras el suceso.<\/p>\n\n\n\n<p>El veh\u00edculo rafagueado se trata de un autom\u00f3vil Honda tipo Civic con placas YFN-268-A, del Estado de Veracruz, el cual presenta varios impactos de bala y y fue trasladado a la sede de la Fiscal\u00eda General para su resguardo, mientras la Polic\u00eda Ministerial realiza las investigaciones de lo sucedido.<\/p>\n","protected":false},"excerpt":{"rendered":"<p>Alejandro \u00c1vila Coatzintla, Ver.- Un autom\u00f3vil que fue rafagueado en la localidad de Palma sola en el municipio de Coatzintla, dej\u00f3 como saldo, al menos una mujer fallecida. El conductor del veh\u00edculo no se encontraba en la unidad m\u00f3vil, y los presuntos sicarios huyeron del sitio sin poder ser detenidos por los elementos policiales. Minutos [&hellip;]<\/p>\n","protected":false},"author":1,"featured_media":23228,"comment_status":"open","ping_status":"open","sticky":false,"template":"","format":"standard","meta":{"_jetpack_memberships_contains_paid_content":false,"footnotes":""},"categories":[14],"tags":[],"class_list":["post-23227","post","type-post","status-publish","format-standard","has-post-thumbnail","hentry","category-policiaca"],"jetpack_featured_media_url":"https:\/\/encuentroinformativo.com.mx\/wp-content\/uploads\/2022\/02\/4736394F-C4C0-4A56-90A4-D9325C2CBF4E.jpeg","jetpack_sharing_enabled":true,"jetpack_likes_enabled":true,"amp_enabled":true,"_links":{"self":[{"href":"https:\/\/encuentroinformativo.com.mx\/index.php?rest_route=\/wp\/v2\/posts\/23227","targetHints":{"allow":["GET"]}}],"collection":[{"href":"https:\/\/encuentroinformativo.com.mx\/index.php?rest_route=\/wp\/v2\/posts"}],"about":[{"href":"https:\/\/encuentroinformativo.com.mx\/index.php?rest_route=\/wp\/v2\/types\/post"}],"author":[{"embeddable":true,"href":"https:\/\/encuentroinformativo.com.mx\/index.php?rest_route=\/wp\/v2\/users\/1"}],"replies":[{"embeddable":true,"href":"https:\/\/encuentroinformativo.com.mx\/index.php?rest_route=%2Fwp%2Fv2%2Fcomments&post=23227"}],"version-history":[{"count":1,"href":"https:\/\/encuentroinformativo.com.mx\/index.php?rest_route=\/wp\/v2\/posts\/23227\/revisions"}],"predecessor-version":[{"id":23229,"href":"https:\/\/encuentroinformativo.com.mx\/index.php?rest_route=\/wp\/v2\/posts\/23227\/revisions\/23229"}],"wp:featuredmedia":[{"embeddable":true,"href":"https:\/\/encuentroinformativo.com.mx\/index.php?rest_route=\/wp\/v2\/media\/23228"}],"wp:attachment":[{"href":"https:\/\/encuentroinformativo.com.mx\/index.php?rest_route=%2Fwp%2Fv2%2Fmedia&parent=23227"}],"wp:term":[{"taxonomy":"category","embeddable":true,"href":"https:\/\/encuentroinformativo.com.mx\/index.php?rest_route=%2Fwp%2Fv2%2Fcategories&post=23227"},{"taxonomy":"post_tag","embeddable":true,"href":"https:\/\/encuentroinformativo.com.mx\/index.php?rest_route=%2Fwp%2Fv2%2Ftags&post=23227"}],"curies":[{"name":"wp","href":"https:\/\/api.w.org\/{rel}","templated":true}]}}