{"id":23236,"date":"2022-02-07T13:23:08","date_gmt":"2022-02-07T19:23:08","guid":{"rendered":"https:\/\/encuentroinformativo.com.mx\/?p=23236"},"modified":"2022-02-07T13:23:12","modified_gmt":"2022-02-07T19:23:12","slug":"inicia-nuevo-arzobispo-actividades-en-xalapa","status":"publish","type":"post","link":"https:\/\/encuentroinformativo.com.mx\/?p=23236","title":{"rendered":"Inicia nuevo Arzobispo actividades en Xalapa"},"content":{"rendered":"\n<p><strong>Dar\u00edo Pale <\/strong><\/p>\n\n\n\n<p>Xalapa, Ver.- El nuevo Arzobispo de Xalapa Monse\u00f1or Jorge Carlos Patr\u00f3n Wong inici\u00f3 su ejercicio clerical en la Catedral Metropolitana donde visit\u00f3 la tumba de San Rafael Gu\u00edzar y Valencia, hizo una oraci\u00f3n para pedir por las necesidades de los Veracruzanos.<\/p>\n\n\n\n<p>Durante su visita visit\u00f3 la tumba de San Rafael Gu\u00edzar y Valencia donde hizo una oraci\u00f3n personal y posteriormente realiz\u00f3 otra para pedir por las necesidades de todos los veracruzanos la cual es del propio santo.<\/p>\n\n\n\n<p>El nuevo Arzobispo de Xalapa recibir\u00e1 la investidura &#8220;formalmente&#8221; el pr\u00f3ximo martes donde celebrar\u00e1 una eucarist\u00eda solemne en la Casa de la Iglesia en Xalapa, donde ser\u00e1 acompa\u00f1ados por algunos sacerdotes.<\/p>\n\n\n\n<p>Debido a que el sem\u00e1foro epidemiol\u00f3gico se encuentra en rojo a la eucarist\u00eda solo podr\u00e1n acceder un n\u00famero reducido, por lo que el acceso ser\u00e1 controlado por medio de pases personales.<\/p>\n\n\n\n<figure class=\"wp-block-image size-large\"><img loading=\"lazy\" decoding=\"async\" width=\"1024\" height=\"682\" src=\"https:\/\/encuentroinformativo.com.mx\/wp-content\/uploads\/2022\/02\/F54D0345-34DC-41B0-A951-C19192AD9673-1024x682.jpeg\" alt=\"\" class=\"wp-image-23237\" srcset=\"https:\/\/encuentroinformativo.com.mx\/wp-content\/uploads\/2022\/02\/F54D0345-34DC-41B0-A951-C19192AD9673-1024x682.jpeg 1024w, https:\/\/encuentroinformativo.com.mx\/wp-content\/uploads\/2022\/02\/F54D0345-34DC-41B0-A951-C19192AD9673-300x200.jpeg 300w, https:\/\/encuentroinformativo.com.mx\/wp-content\/uploads\/2022\/02\/F54D0345-34DC-41B0-A951-C19192AD9673-768x512.jpeg 768w, https:\/\/encuentroinformativo.com.mx\/wp-content\/uploads\/2022\/02\/F54D0345-34DC-41B0-A951-C19192AD9673.jpeg 1280w\" sizes=\"auto, (max-width: 1024px) 100vw, 1024px\" \/><\/figure>\n","protected":false},"excerpt":{"rendered":"<p>Dar\u00edo Pale Xalapa, Ver.- El nuevo Arzobispo de Xalapa Monse\u00f1or Jorge Carlos Patr\u00f3n Wong inici\u00f3 su ejercicio clerical en la Catedral Metropolitana donde visit\u00f3 la tumba de San Rafael Gu\u00edzar y Valencia, hizo una oraci\u00f3n para pedir por las necesidades de los Veracruzanos. Durante su visita visit\u00f3 la tumba de San Rafael Gu\u00edzar y Valencia [&hellip;]<\/p>\n","protected":false},"author":1,"featured_media":23234,"comment_status":"open","ping_status":"open","sticky":false,"template":"","format":"standard","meta":{"_jetpack_memberships_contains_paid_content":false,"footnotes":""},"categories":[3],"tags":[],"class_list":["post-23236","post","type-post","status-publish","format-standard","has-post-thumbnail","hentry","category-xalapa"],"jetpack_featured_media_url":"https:\/\/encuentroinformativo.com.mx\/wp-content\/uploads\/2022\/02\/2A72982F-E24C-42E4-AB48-35A28A44C184-scaled.jpeg","jetpack_sharing_enabled":true,"jetpack_likes_enabled":true,"amp_enabled":true,"_links":{"self":[{"href":"https:\/\/encuentroinformativo.com.mx\/index.php?rest_route=\/wp\/v2\/posts\/23236","targetHints":{"allow":["GET"]}}],"collection":[{"href":"https:\/\/encuentroinformativo.com.mx\/index.php?rest_route=\/wp\/v2\/posts"}],"about":[{"href":"https:\/\/encuentroinformativo.com.mx\/index.php?rest_route=\/wp\/v2\/types\/post"}],"author":[{"embeddable":true,"href":"https:\/\/encuentroinformativo.com.mx\/index.php?rest_route=\/wp\/v2\/users\/1"}],"replies":[{"embeddable":true,"href":"https:\/\/encuentroinformativo.com.mx\/index.php?rest_route=%2Fwp%2Fv2%2Fcomments&post=23236"}],"version-history":[{"count":1,"href":"https:\/\/encuentroinformativo.com.mx\/index.php?rest_route=\/wp\/v2\/posts\/23236\/revisions"}],"predecessor-version":[{"id":23238,"href":"https:\/\/encuentroinformativo.com.mx\/index.php?rest_route=\/wp\/v2\/posts\/23236\/revisions\/23238"}],"wp:featuredmedia":[{"embeddable":true,"href":"https:\/\/encuentroinformativo.com.mx\/index.php?rest_route=\/wp\/v2\/media\/23234"}],"wp:attachment":[{"href":"https:\/\/encuentroinformativo.com.mx\/index.php?rest_route=%2Fwp%2Fv2%2Fmedia&parent=23236"}],"wp:term":[{"taxonomy":"category","embeddable":true,"href":"https:\/\/encuentroinformativo.com.mx\/index.php?rest_route=%2Fwp%2Fv2%2Fcategories&post=23236"},{"taxonomy":"post_tag","embeddable":true,"href":"https:\/\/encuentroinformativo.com.mx\/index.php?rest_route=%2Fwp%2Fv2%2Ftags&post=23236"}],"curies":[{"name":"wp","href":"https:\/\/api.w.org\/{rel}","templated":true}]}}