{"id":23239,"date":"2022-02-07T13:35:13","date_gmt":"2022-02-07T19:35:13","guid":{"rendered":"https:\/\/encuentroinformativo.com.mx\/?p=23239"},"modified":"2022-02-07T13:35:17","modified_gmt":"2022-02-07T19:35:17","slug":"sere-portavoz-del-pueblo-veracruzano-patron-wong","status":"publish","type":"post","link":"https:\/\/encuentroinformativo.com.mx\/?p=23239","title":{"rendered":"Ser\u00e9 portavoz del pueblo veracruzano: Patr\u00f3n Wong"},"content":{"rendered":"\n<p><strong>Dar\u00edo Pale<\/strong><\/p>\n\n\n\n<p>Xalapa, Ver.- El nuevo Arzobispo designado para la Arquidi\u00f3cesis de Xalapa Monse\u00f1or Jorge Carlos Patr\u00f3n Wong dio a conocer que, espera que haya coincidencias con las autoridades, si no, ser\u00e1 portavoz del pueblo veracruzano, adem\u00e1s escuchar\u00e1 lo que dicen que hacen autoridades de Veracruz y ante la inseguridad y violencia feminicida, dijo que buscar\u00e1 que a trav\u00e9s de la oraci\u00f3n cambie el coraz\u00f3n de las malas personas.<\/p>\n\n\n\n<p>En conferencia de prensa realizada en los salones parroquiales del Callej\u00f3n de Rojas, expres\u00f3 que en cuanto se re\u00fana con la primera autoridad, lo primero que har\u00e1 es escuchar lo que hace &#8220;o que dice que hace&#8221;, y que posteriormente escuchar\u00e1 sobre los problemas que haya y a partir de eso, entablar\u00e1 un di\u00e1logo, esperando que haya coincidencias.<\/p>\n\n\n\n<p>&#8220;Y la conciencia&#8230; yo soy portavoz de un pueblo, siempre los temas a tratar quedan abiertos. Cada autoridad es corresponsable en la parte de la realidad de Veracruz, Xalapa y M\u00e9xico, eso platicar\u00e9, no tengo nada prefijo, tengo solo mi coraz\u00f3n y ese coraz\u00f3n va a estar alimentado con lo que me digan los xalape\u00f1os, los veracruzanos, pero primero escuchar&#8221;, se\u00f1al\u00f3.<\/p>\n\n\n\n<p>Inform\u00f3 que ya tiene una agenda repleta para este mes, en la que no est\u00e1 confirmada ninguna reuni\u00f3n con el gobernador Cuitl\u00e1huac Garc\u00eda Jim\u00e9nez, pero aclar\u00f3 que se podr\u00eda abrir para reunirse con el mandatario.<\/p>\n\n\n\n<p>Patr\u00f3n Wong subray\u00f3 que la oraci\u00f3n de intercesi\u00f3n de San Rafael Gu\u00edzar y Valencia es un diagn\u00f3stico de la realidad de Veracruz.<\/p>\n\n\n\n<p>&#8220;Rezamos para que tengamos esta oraci\u00f3n y podamos colaborar para que podamos ayudar a los ni\u00f1os, a los pobres, a los enfermos, a los alejados de Dios, a nuestras propias familias, al tejido social para que haya armon\u00eda, no contraposici\u00f3n ni polarizaci\u00f3n, para que las relaciones sean de paz, que nuestros enfermos puedan ser atendidos como se debe&#8221;, pidi\u00f3 y de igual forma ayudar a los j\u00f3venes para vivir en un M\u00e9xico con esperanza.<\/p>\n\n\n\n<p>Sobre la situaci\u00f3n de inseguridad en el Estado, los feminicidios ocurridos en los \u00faltimos d\u00edas en esta entidad, respondi\u00f3 que lamentablemente esta situaci\u00f3n se vive en todo el pa\u00eds.<\/p>\n\n\n\n<p>Por lo anterior se\u00f1al\u00f3 que se reunir\u00e1 con todas las religiosas contemplativas quienes oran todos los d\u00edas por esas situaciones que se viven diariamente, ya que consider\u00f3 que se debe orar por cambiar el coraz\u00f3n de ciertas personas y para cambiar el coraz\u00f3n de esas personas se necesita un poder que va m\u00e1s all\u00e1.<\/p>\n\n\n\n<p>Respecto de la labor de las madres de desaparecidos, el jerarca cat\u00f3lico les pidi\u00f3 dos cosas: cuando no lo encuentren f\u00edsicamente todav\u00eda, que lo encuentren en su coraz\u00f3n, que ah\u00ed est\u00e1n, de igual forma que los encuentren en la eucarist\u00eda, en la oraci\u00f3n, que lo encuentren junto a la V\u00edrgen Mar\u00eda.<\/p>\n\n\n\n<p>&#8220;Porque la desaparici\u00f3n de un hijo significa muerte, no volverlo a ver. Entonces por favor sigan buscando y sigan pidiendo encontrarlo&#8221;, coment\u00f3.<\/p>\n\n\n\n<p>Dio a conocer que conoce a mam\u00e1s samaritanas que ayudan a otras que sufren lo mismo y saben buscar en lo humano, en la solidaridad y las ayudan a quienes sufren por la p\u00e9rdida de su ser amado.<\/p>\n\n\n\n<p>Finalmente, sobre el aborto, dijo que ellos pertenecen a la Conferencia del Episcopado Mexicano y, por tanto se rigen por lo que \u00e9ste defina y as\u00ed seguir\u00e1n haci\u00e9ndolo.<\/p>\n","protected":false},"excerpt":{"rendered":"<p>Dar\u00edo Pale Xalapa, Ver.- El nuevo Arzobispo designado para la Arquidi\u00f3cesis de Xalapa Monse\u00f1or Jorge Carlos Patr\u00f3n Wong dio a conocer que, espera que haya coincidencias con las autoridades, si no, ser\u00e1 portavoz del pueblo veracruzano, adem\u00e1s escuchar\u00e1 lo que dicen que hacen autoridades de Veracruz y ante la inseguridad y violencia feminicida, dijo que [&hellip;]<\/p>\n","protected":false},"author":1,"featured_media":23240,"comment_status":"open","ping_status":"open","sticky":false,"template":"","format":"standard","meta":{"_jetpack_memberships_contains_paid_content":false,"footnotes":""},"categories":[2],"tags":[],"class_list":["post-23239","post","type-post","status-publish","format-standard","has-post-thumbnail","hentry","category-estado"],"jetpack_featured_media_url":"https:\/\/encuentroinformativo.com.mx\/wp-content\/uploads\/2022\/02\/CA521E77-B038-4ACC-A4F7-D367A7CB62E5-scaled.jpeg","jetpack_sharing_enabled":true,"jetpack_likes_enabled":true,"amp_enabled":true,"_links":{"self":[{"href":"https:\/\/encuentroinformativo.com.mx\/index.php?rest_route=\/wp\/v2\/posts\/23239","targetHints":{"allow":["GET"]}}],"collection":[{"href":"https:\/\/encuentroinformativo.com.mx\/index.php?rest_route=\/wp\/v2\/posts"}],"about":[{"href":"https:\/\/encuentroinformativo.com.mx\/index.php?rest_route=\/wp\/v2\/types\/post"}],"author":[{"embeddable":true,"href":"https:\/\/encuentroinformativo.com.mx\/index.php?rest_route=\/wp\/v2\/users\/1"}],"replies":[{"embeddable":true,"href":"https:\/\/encuentroinformativo.com.mx\/index.php?rest_route=%2Fwp%2Fv2%2Fcomments&post=23239"}],"version-history":[{"count":1,"href":"https:\/\/encuentroinformativo.com.mx\/index.php?rest_route=\/wp\/v2\/posts\/23239\/revisions"}],"predecessor-version":[{"id":23241,"href":"https:\/\/encuentroinformativo.com.mx\/index.php?rest_route=\/wp\/v2\/posts\/23239\/revisions\/23241"}],"wp:featuredmedia":[{"embeddable":true,"href":"https:\/\/encuentroinformativo.com.mx\/index.php?rest_route=\/wp\/v2\/media\/23240"}],"wp:attachment":[{"href":"https:\/\/encuentroinformativo.com.mx\/index.php?rest_route=%2Fwp%2Fv2%2Fmedia&parent=23239"}],"wp:term":[{"taxonomy":"category","embeddable":true,"href":"https:\/\/encuentroinformativo.com.mx\/index.php?rest_route=%2Fwp%2Fv2%2Fcategories&post=23239"},{"taxonomy":"post_tag","embeddable":true,"href":"https:\/\/encuentroinformativo.com.mx\/index.php?rest_route=%2Fwp%2Fv2%2Ftags&post=23239"}],"curies":[{"name":"wp","href":"https:\/\/api.w.org\/{rel}","templated":true}]}}