{"id":23263,"date":"2022-02-07T17:50:48","date_gmt":"2022-02-07T23:50:48","guid":{"rendered":"https:\/\/encuentroinformativo.com.mx\/?p=23263"},"modified":"2022-02-07T17:50:51","modified_gmt":"2022-02-07T23:50:51","slug":"minimiza-gobernador-al-movimiento-por-la-justicia","status":"publish","type":"post","link":"https:\/\/encuentroinformativo.com.mx\/?p=23263","title":{"rendered":"Minimiza Gobernador al Movimiento por la Justicia"},"content":{"rendered":"\n<p><strong>Dar\u00edo Pale\/Juan Arcos<\/strong> <\/p>\n\n\n\n<p>Xalapa, Ver.- El gobernador Cuitl\u00e1huac Garc\u00eda Jim\u00e9nez se burl\u00f3 del Movimiento por la Justicia que surgi\u00f3 en Veracruz este fin de semana para exigir la derogaci\u00f3n del delito de ultrajes a la autoridad.<\/p>\n\n\n\n<p>En conferencia de prensa, desde Palacio de Gobierno, el mandatario estatal expres\u00f3 que \u201ces m\u00e1s larga la cola para las tortillas\u201d que la movilizaci\u00f3n del pasado s\u00e1bado en Xalapa, encabezada por el dirigente nacional de Movimiento Ciudadano (MC), Dante Delgado Rannauro.<\/p>\n\n\n\n<p>Se\u00f1al\u00f3 que en la protesta que se llev\u00f3 a cabo el pasado 5 de febrero en la plaza Lerdo el mandatario se burl\u00f3 del Movimiento por la Justicia y denomin\u00f3 la movilizaci\u00f3n &#8220;de la Comisi\u00f3n patito a un frente de reciclaje o c\u00f3mo se llam\u00f3 la obra&#8221;, y reiter\u00f3  que hab\u00eda m\u00e1s gente en la cola de las tortillas que en dicha manifestaci\u00f3n.<\/p>\n\n\n\n<p>Dio a conocer que nuevamente con mentiras, pol\u00edticos viejos intentan reciclarse porque el pueblo los rechaz\u00f3 de manera generalizada y contundente en las urnas de la m\u00e1s reciente elecci\u00f3n, pero que los veracruzanos los identifican bien y saben que pertenecen al viejo r\u00e9gimen de corrupci\u00f3n que empobreci\u00f3 al Estado.<\/p>\n\n\n\n<p>Asegur\u00f3 que cuando estuvieron en el Gobierno, s\u00f3lo lo usaron para enriquecerse y fueron todos ellos, en su turno, aplaudidores y parte de los gobiernos que solaparon a los c\u00e1rteles de la delincuencia organizada y que ahora se autonombran &#8220;frente&#8221;, pero cuando tuvieron en sus manos el gobierno, s\u00f3lo supieron darle la espalda a la gente.<\/p>\n\n\n\n<p>&#8220;Es pues, la misma vieja historia en un intento de nueva escenograf\u00eda para sacar provecho propio. La verdad es que ya no enga\u00f1an a nadie con sus mentiras, ver con el cinismo de quienes robaron tanto, al lado de la hipocres\u00eda de la derecha que se dec\u00eda combatirlos; ahora todos juntos bien vale la pena la foto del recuerdo&#8221;, coment\u00f3.<\/p>\n\n\n\n<p>El Ejecutivo opin\u00f3 que se quitan las m\u00e1scaras porque sus intereses particulares y mezquinos los unen, por lo que hacen bien en presentarse todos juntos, adem\u00e1s de que es el claro retrato de la corrupci\u00f3n de dos sexenios y un bienio juntos, &#8220;solo falt\u00f3 en la foto Fidel, Duarte y Yunes, ay nanita, una verdadera escena dantesca&#8221;.<\/p>\n\n\n\n<p>A\u00f1adi\u00f3 que los polic\u00edas necesitan contar con un respaldo jur\u00eddico cuando son agredidos por delincuentes al momento de que los enfrentan para capturarlos.<\/p>\n\n\n\n<p>\u201cNo cualquiera denuncia a un jefe de plaza por miedo y solo es posible detenerlos en flagrancia\u201d, enfatiz\u00f3.<\/p>\n\n\n\n<p>En este sentido, acus\u00f3 que algunos de los que hoy conforman el Movimiento por la Justicia fueron diputados en la Legislatura del a\u00f1o 2000 al 2004 y fue en ese periodo que se cre\u00f3 el delito.<\/p>\n\n\n\n<p>\u201cNosotros actualizamos, de acuerdo al Art\u00edculo 19 Constitucional, que en uno de sus p\u00e1rrafos dice que el delito de agresi\u00f3n con armas, una de sus penas es la prisi\u00f3n preventiva oficiosa\u201d, indic\u00f3.<\/p>\n\n\n\n<p>Finalmente dio a conocer que, &#8220;cuando hablo les digo que tengo la raz\u00f3n, procuro tener la raz\u00f3n, tampoco voy a ser tan soberbio. No no soy soberbio, como dice el Presidente no es para presumir, lo que debo cuidar es tratar de decir las cosas que son ciertas y entonces lo que he manifestado es que en los actos de corrupci\u00f3n se cuidaron mucho los corruptos&#8221;.<\/p>\n","protected":false},"excerpt":{"rendered":"<p>Dar\u00edo Pale\/Juan Arcos Xalapa, Ver.- El gobernador Cuitl\u00e1huac Garc\u00eda Jim\u00e9nez se burl\u00f3 del Movimiento por la Justicia que surgi\u00f3 en Veracruz este fin de semana para exigir la derogaci\u00f3n del delito de ultrajes a la autoridad. En conferencia de prensa, desde Palacio de Gobierno, el mandatario estatal expres\u00f3 que \u201ces m\u00e1s larga la cola para [&hellip;]<\/p>\n","protected":false},"author":2476,"featured_media":23262,"comment_status":"open","ping_status":"open","sticky":false,"template":"","format":"standard","meta":{"_jetpack_memberships_contains_paid_content":false,"footnotes":""},"categories":[2],"tags":[],"class_list":["post-23263","post","type-post","status-publish","format-standard","has-post-thumbnail","hentry","category-estado"],"jetpack_featured_media_url":"https:\/\/encuentroinformativo.com.mx\/wp-content\/uploads\/2022\/02\/81795C8E-0478-488C-9CC0-3B2EF0B40C93.jpeg","jetpack_sharing_enabled":true,"jetpack_likes_enabled":true,"amp_enabled":true,"_links":{"self":[{"href":"https:\/\/encuentroinformativo.com.mx\/index.php?rest_route=\/wp\/v2\/posts\/23263","targetHints":{"allow":["GET"]}}],"collection":[{"href":"https:\/\/encuentroinformativo.com.mx\/index.php?rest_route=\/wp\/v2\/posts"}],"about":[{"href":"https:\/\/encuentroinformativo.com.mx\/index.php?rest_route=\/wp\/v2\/types\/post"}],"author":[{"embeddable":true,"href":"https:\/\/encuentroinformativo.com.mx\/index.php?rest_route=\/wp\/v2\/users\/2476"}],"replies":[{"embeddable":true,"href":"https:\/\/encuentroinformativo.com.mx\/index.php?rest_route=%2Fwp%2Fv2%2Fcomments&post=23263"}],"version-history":[{"count":1,"href":"https:\/\/encuentroinformativo.com.mx\/index.php?rest_route=\/wp\/v2\/posts\/23263\/revisions"}],"predecessor-version":[{"id":23264,"href":"https:\/\/encuentroinformativo.com.mx\/index.php?rest_route=\/wp\/v2\/posts\/23263\/revisions\/23264"}],"wp:featuredmedia":[{"embeddable":true,"href":"https:\/\/encuentroinformativo.com.mx\/index.php?rest_route=\/wp\/v2\/media\/23262"}],"wp:attachment":[{"href":"https:\/\/encuentroinformativo.com.mx\/index.php?rest_route=%2Fwp%2Fv2%2Fmedia&parent=23263"}],"wp:term":[{"taxonomy":"category","embeddable":true,"href":"https:\/\/encuentroinformativo.com.mx\/index.php?rest_route=%2Fwp%2Fv2%2Fcategories&post=23263"},{"taxonomy":"post_tag","embeddable":true,"href":"https:\/\/encuentroinformativo.com.mx\/index.php?rest_route=%2Fwp%2Fv2%2Ftags&post=23263"}],"curies":[{"name":"wp","href":"https:\/\/api.w.org\/{rel}","templated":true}]}}