{"id":23265,"date":"2022-02-08T09:15:01","date_gmt":"2022-02-08T15:15:01","guid":{"rendered":"https:\/\/encuentroinformativo.com.mx\/?p=23265"},"modified":"2022-02-08T09:15:03","modified_gmt":"2022-02-08T15:15:03","slug":"en-la-fila-de-las-tortillas","status":"publish","type":"post","link":"https:\/\/encuentroinformativo.com.mx\/?p=23265","title":{"rendered":"En la fila de las tortillas"},"content":{"rendered":"\n<p><strong>Los Pol\u00edticos<\/strong><\/p>\n\n\n\n<p><strong>Salvador Mu\u00f1oz<\/strong><\/p>\n\n\n\n<p>Dios los hace y Cuitl\u00e1huac los junta\u2026 en su contra.<\/p>\n\n\n\n<p>Muy aparte de esa lucha que traen Dante Delgado y compa\u00f1\u00eda por los derechos humanos de quienes han sido v\u00edctima de los atropellos de una Fiscal\u00eda y un Gobierno que hicieron de un delito, un arma represora (argumentan los de oposici\u00f3n), hay que tratar de desmenuzar los intereses que hay detr\u00e1s del Movimiento por la Justicia y al ser encabezados por pol\u00edticos, \u00a1pues hay intereses pol\u00edticos!<\/p>\n\n\n\n<p>Lo primero que hay que hacer es entender la g\u00e9nesis de este movimiento: Ricardo Monreal en defensa de un grupo de j\u00f3venes. Luego, la detenci\u00f3n de Jos\u00e9 Manuel del R\u00edo Virgen, quien tiene la particularidad de guardar amistad tanto con Dante Delgado como con Monreal. Luego, la Comisi\u00f3n que ya no es, pero que se puso a investigar la serie de \u201catropellos a los derechos humanos\u201d cometidas en Veracruz; por \u00faltimo, la renuncia de Dante Delgado a la Comisi\u00f3n para iniciar su propio Movimiento. Hasta aqu\u00ed, se podr\u00eda decir que es la G\u00e9nesis previo al plant\u00f3n del 5 de Febrero en la Plaza Lerdo\u2026<\/p>\n\n\n\n<p>Ese 5 de febrero, vimos a Dante Delgado, Pepe Yunes, Julen Rementer\u00eda y hasta Indira Rosales San Rom\u00e1n levantando la voz en esa defensa de los derechos de los veracruzanos\u2026<\/p>\n\n\n\n<p>Conste, ante la ausencia de Federico Salom\u00f3n, dirigente del PAN, y del perredista Sergio Cadena, as\u00ed como tambi\u00e9n de Marlon Ram\u00edrez y Arianna Angeles, dirigente y secretaria del PRI, es claro que el Movimiento por la Justicia es independiente de partidos, o lo que es lo mismo: PAN, PRI y PRD \u201cno hacen cola en las tortillas\u201d, parodiando a Cuic.<\/p>\n\n\n\n<p>\u00a1Ah! Tampoco hubo morenos\u2026<\/p>\n\n\n\n<p>\u00bfY por qu\u00e9 citar a Morena? Volvemos al G\u00e9nesis: este movimiento tuvo su nacimiento en un moreno, Ricardo Monreal.<\/p>\n\n\n\n<p>Piensa mal y acertar\u00e1s, reza el adagio\u2026 \u00bfy si sin hacer mucho ruido, Ricardo Monreal simplemente le pas\u00f3 la estafeta a Dante Delgado para que, adem\u00e1s de luchar por los derechos de los veracruzanos, chingar de paso a Cuitl\u00e1huac, conociendo su naturaleza?<\/p>\n\n\n\n<p>Al decir \u201ca la naturaleza de Cuic\u201d, se refiere uno a que s\u00f3lo bastaba una pregunta para que el gobernador diera m\u00e1s vida al Movimiento por la Justicia de Dante cayendo en el garlito\u2026 de las pavesas, Cuic es capaz de generar un incendio\u2026<\/p>\n\n\n\n<p>Tan f\u00e1cil que era haber respondido que el asunto de los ultrajes ya es tema del Congreso local donde est\u00e1 la representaci\u00f3n de Movimiento Ciudadano, del PAN, del PRI\u2026 \u00a1Un asunto de instituciones! pero al Cuic le gusta el arg\u00fcende \u00a1y tambi\u00e9n se mete a la fila de las tortillas!<\/p>\n\n\n\n<p>En este Movimiento, destacable la presencia de dos ex candidatos a Gobernador y un suspirante al 2024: Dante y Pepe Yunes, as\u00ed como Julen, respectivamente. Igual de destacable es la presencia de Indira (por motu proprio o de parte de los Yunes?), \u00fanica representante de partido por ser secretaria general del PAN, \u00bfse podr\u00eda pensar entonces que el partido Acci\u00f3n Nacional avala ese Movimiento?<\/p>\n\n\n\n<p>Marlon y Arianna \u201cno se formaron en la cola de las tortillas\u201d&#8230; ni como partido ni como diputados\u2026 tampoco Anil\u00fa Ingram.<\/p>\n\n\n\n<p>Por cierto, en entrevista con Rams\u00e9s Yunes Zorrilla, Marlon Ram\u00edrez comenta que la \u201clucha ciudadana\u201d (el entrecomillado es m\u00edo) que encabeza Dante, el PRI la viene realizando (al menos en lo que respecta a Marlon) desde que rindi\u00f3 protesta como su presidente, y la cr\u00edtica al Gobierno se ha hecho con fundamentos y pruebas. Y si bien respeta la posici\u00f3n de Dante, cita que la reacci\u00f3n del Senador, para voltear los ojos a Veracruz, se da posterior a la detenci\u00f3n de Jos\u00e9 Manuel del R\u00edo Virgen\u2026 ojal\u00e1 esa misma disposici\u00f3n la hubiera tenido en el proceso electoral del 2021.<\/p>\n\n\n\n<p>Lo cierto es que Dante Delgado y comitiva gestan un movimiento ciudadano (MC) cuando ellos, como representantes del pueblo est\u00e1n en las instituciones donde deber\u00edan hacer valer su voz (ya si no se puede su voto), porque todo indica que la \u00fanica disputa que habr\u00e1 entre el Gobierno y el Movimiento por la Justicia, es qui\u00e9n le endilga a la sociedad el nombre de Pueblo o el de Ciudadanos\u2026 lo cierto es que mientras Cuic caiga en el garlito, habr\u00e1 Movimiento por la Justicia para rato.<\/p>\n\n\n\n<p><a rel=\"noreferrer noopener\" href=\"mailto:smcainito@gmail.com\" target=\"_blank\">smcainito@gmail.com<\/a> <\/p>\n","protected":false},"excerpt":{"rendered":"<p>Los Pol\u00edticos Salvador Mu\u00f1oz Dios los hace y Cuitl\u00e1huac los junta\u2026 en su contra. Muy aparte de esa lucha que traen Dante Delgado y compa\u00f1\u00eda por los derechos humanos de quienes han sido v\u00edctima de los atropellos de una Fiscal\u00eda y un Gobierno que hicieron de un delito, un arma represora (argumentan los de oposici\u00f3n), [&hellip;]<\/p>\n","protected":false},"author":1,"featured_media":387,"comment_status":"open","ping_status":"open","sticky":false,"template":"","format":"standard","meta":{"_jetpack_memberships_contains_paid_content":false,"footnotes":""},"categories":[11],"tags":[],"class_list":["post-23265","post","type-post","status-publish","format-standard","has-post-thumbnail","hentry","category-opinion"],"jetpack_featured_media_url":"https:\/\/encuentroinformativo.com.mx\/wp-content\/uploads\/2020\/03\/7CF8A22B-2764-47BE-8F7F-38FE9E5D6A2F.jpeg","jetpack_sharing_enabled":true,"jetpack_likes_enabled":true,"amp_enabled":true,"_links":{"self":[{"href":"https:\/\/encuentroinformativo.com.mx\/index.php?rest_route=\/wp\/v2\/posts\/23265","targetHints":{"allow":["GET"]}}],"collection":[{"href":"https:\/\/encuentroinformativo.com.mx\/index.php?rest_route=\/wp\/v2\/posts"}],"about":[{"href":"https:\/\/encuentroinformativo.com.mx\/index.php?rest_route=\/wp\/v2\/types\/post"}],"author":[{"embeddable":true,"href":"https:\/\/encuentroinformativo.com.mx\/index.php?rest_route=\/wp\/v2\/users\/1"}],"replies":[{"embeddable":true,"href":"https:\/\/encuentroinformativo.com.mx\/index.php?rest_route=%2Fwp%2Fv2%2Fcomments&post=23265"}],"version-history":[{"count":1,"href":"https:\/\/encuentroinformativo.com.mx\/index.php?rest_route=\/wp\/v2\/posts\/23265\/revisions"}],"predecessor-version":[{"id":23266,"href":"https:\/\/encuentroinformativo.com.mx\/index.php?rest_route=\/wp\/v2\/posts\/23265\/revisions\/23266"}],"wp:featuredmedia":[{"embeddable":true,"href":"https:\/\/encuentroinformativo.com.mx\/index.php?rest_route=\/wp\/v2\/media\/387"}],"wp:attachment":[{"href":"https:\/\/encuentroinformativo.com.mx\/index.php?rest_route=%2Fwp%2Fv2%2Fmedia&parent=23265"}],"wp:term":[{"taxonomy":"category","embeddable":true,"href":"https:\/\/encuentroinformativo.com.mx\/index.php?rest_route=%2Fwp%2Fv2%2Fcategories&post=23265"},{"taxonomy":"post_tag","embeddable":true,"href":"https:\/\/encuentroinformativo.com.mx\/index.php?rest_route=%2Fwp%2Fv2%2Ftags&post=23265"}],"curies":[{"name":"wp","href":"https:\/\/api.w.org\/{rel}","templated":true}]}}