{"id":23269,"date":"2022-02-08T12:55:11","date_gmt":"2022-02-08T18:55:11","guid":{"rendered":"https:\/\/encuentroinformativo.com.mx\/?p=23269"},"modified":"2022-02-08T12:55:14","modified_gmt":"2022-02-08T18:55:14","slug":"garantizan-operativos-de-seguridad-para-cumbre-tajin","status":"publish","type":"post","link":"https:\/\/encuentroinformativo.com.mx\/?p=23269","title":{"rendered":"Garantizan operativos de seguridad para Cumbre Taj\u00edn"},"content":{"rendered":"\n<p><strong>Redacci\u00f3n<\/strong><\/p>\n\n\n\n<p>Xalapa, Ver.- El gobernador Cuitl\u00e1huac Garc\u00eda Jim\u00e9nez afirm\u00f3 que est\u00e1n garantizados los operativos de seguridad para el festival de la Cumbre Taj\u00edn que se realizar\u00e1 en el municipio de Papantla.<\/p>\n\n\n\n<p>En conferencia de prensa, ofrecida en la Ciudad de M\u00e9xico, el ejecutivo estatal destac\u00f3 que prevalece coordinaci\u00f3n con las fuerzas federales como es la Guardia Nacional. <\/p>\n","protected":false},"excerpt":{"rendered":"<p>Redacci\u00f3n Xalapa, Ver.- El gobernador Cuitl\u00e1huac Garc\u00eda Jim\u00e9nez afirm\u00f3 que est\u00e1n garantizados los operativos de seguridad para el festival de la Cumbre Taj\u00edn que se realizar\u00e1 en el municipio de Papantla. En conferencia de prensa, ofrecida en la Ciudad de M\u00e9xico, el ejecutivo estatal destac\u00f3 que prevalece coordinaci\u00f3n con las fuerzas federales como es la [&hellip;]<\/p>\n","protected":false},"author":1,"featured_media":23270,"comment_status":"open","ping_status":"open","sticky":false,"template":"","format":"standard","meta":{"_jetpack_memberships_contains_paid_content":false,"footnotes":""},"categories":[2],"tags":[],"class_list":["post-23269","post","type-post","status-publish","format-standard","has-post-thumbnail","hentry","category-estado"],"jetpack_featured_media_url":"https:\/\/encuentroinformativo.com.mx\/wp-content\/uploads\/2022\/02\/CE3CB62D-7657-4574-A449-95CC5255CA1E.jpeg","jetpack_sharing_enabled":true,"jetpack_likes_enabled":true,"amp_enabled":true,"_links":{"self":[{"href":"https:\/\/encuentroinformativo.com.mx\/index.php?rest_route=\/wp\/v2\/posts\/23269","targetHints":{"allow":["GET"]}}],"collection":[{"href":"https:\/\/encuentroinformativo.com.mx\/index.php?rest_route=\/wp\/v2\/posts"}],"about":[{"href":"https:\/\/encuentroinformativo.com.mx\/index.php?rest_route=\/wp\/v2\/types\/post"}],"author":[{"embeddable":true,"href":"https:\/\/encuentroinformativo.com.mx\/index.php?rest_route=\/wp\/v2\/users\/1"}],"replies":[{"embeddable":true,"href":"https:\/\/encuentroinformativo.com.mx\/index.php?rest_route=%2Fwp%2Fv2%2Fcomments&post=23269"}],"version-history":[{"count":1,"href":"https:\/\/encuentroinformativo.com.mx\/index.php?rest_route=\/wp\/v2\/posts\/23269\/revisions"}],"predecessor-version":[{"id":23271,"href":"https:\/\/encuentroinformativo.com.mx\/index.php?rest_route=\/wp\/v2\/posts\/23269\/revisions\/23271"}],"wp:featuredmedia":[{"embeddable":true,"href":"https:\/\/encuentroinformativo.com.mx\/index.php?rest_route=\/wp\/v2\/media\/23270"}],"wp:attachment":[{"href":"https:\/\/encuentroinformativo.com.mx\/index.php?rest_route=%2Fwp%2Fv2%2Fmedia&parent=23269"}],"wp:term":[{"taxonomy":"category","embeddable":true,"href":"https:\/\/encuentroinformativo.com.mx\/index.php?rest_route=%2Fwp%2Fv2%2Fcategories&post=23269"},{"taxonomy":"post_tag","embeddable":true,"href":"https:\/\/encuentroinformativo.com.mx\/index.php?rest_route=%2Fwp%2Fv2%2Ftags&post=23269"}],"curies":[{"name":"wp","href":"https:\/\/api.w.org\/{rel}","templated":true}]}}