{"id":23273,"date":"2022-02-08T13:38:32","date_gmt":"2022-02-08T19:38:32","guid":{"rendered":"https:\/\/encuentroinformativo.com.mx\/?p=23273"},"modified":"2022-02-08T13:38:35","modified_gmt":"2022-02-08T19:38:35","slug":"reclama-pt-acelerar-derogacion-de-ultrajes","status":"publish","type":"post","link":"https:\/\/encuentroinformativo.com.mx\/?p=23273","title":{"rendered":"Reclama PT acelerar derogaci\u00f3n de ultrajes"},"content":{"rendered":"\n<p><strong>Dar\u00edo Pale <\/strong><\/p>\n\n\n\n<p>Xalapa, Ver.- El coordinador de la Comisi\u00f3n Ejecutiva Estatal del Partido del Trabajo (PT), Vicente Aguilar Aguilar exigi\u00f3 a los diputados del Congreso Local que aprueben lo m\u00e1s pronto posible la derogaci\u00f3n de ultrajes a la autoridad ya que sigue &#8220;estancada&#8221; en comisiones.<\/p>\n\n\n\n<p>En conferencia de prensa realizada en las instalaciones de su partido dio a conocer que el PT dice que S\u00ed al estado de derecho, No a la politizaci\u00f3n de la justicia, record\u00f3 que el diputado de su partido Ram\u00f3n D\u00edaz \u00c1vila tambi\u00e9n ya hab\u00eda presentado una iniciativa para derogar dicho delito.<\/p>\n\n\n\n<p>En cuanto a las pr\u00f3ximas elecciones y la situaci\u00f3n jur\u00eddica del candidato de Jes\u00fas  Carranza, Pasiano Rueda se\u00f1al\u00f3 que tiene todo el derecho de participar ya que no est\u00e1n inhabilitados sus derechos civiles, est\u00e1 en proceso y no ri\u00f1e conque sea candidato del PT, pese a que contin\u00faa detenido y esperan que con la derogaci\u00f3n de la ley de ultrajes a la autoridad salga o por la v\u00eda del amparo, pero ser\u00e1 su candidato en ese municipio.<\/p>\n\n\n\n<p>&#8220;Lo que le estamos exigiendo al congreso a los diputados es que ya determine porque no sabemos a ciencia cierta c\u00f3mo viene esa ley (de ultrajes a la autoridad), nosotros esperamos y ya lo dije en otra rueda de prensa de que esperamos que al gobernador toda ves que ha habido fuertes oposiciones haga lo correcto entonces as\u00ed esperamos que venga esa ley&#8221;, se\u00f1al\u00f3.<\/p>\n\n\n\n<p>Por los eu solicitaron a los diputados a que se apresuren a la aplicaci\u00f3n de la ley si ya tiene la propuesta del ejecutivo que transite, ya que no es lo que diga el gobernador es la sociedad la que est\u00e1 solicitando que se cambie dicha ley ya que est\u00e1 afectando a muchos ciudadanos.<\/p>\n\n\n\n<p>En otro orden de ideas en cuanto al tema de la casa del hijo del presidente de M\u00e9xico Andr\u00e9s Manuel L\u00f3pez Obrador se\u00f1al\u00f3 que eso afecta la cuarta transformaci\u00f3n, &#8220;hay una incongruencia de lo dicho al hecho el se\u00f1or presidente es un hombre muy diferente que lucha dentro de la austeridad republicana&#8221;.<br>Finalmente se\u00f1al\u00f3 que el tema es que &#8220;como tapar el hecho de que su hijo si no est\u00e1 en la misma l\u00ednea, tambi\u00e9n se respeta nada m\u00e1s que la imagen cambia y de ah\u00ed se aprovecha la burgues\u00eda y la derecha para estar golpeteando&#8221;.<\/p>\n","protected":false},"excerpt":{"rendered":"<p>Dar\u00edo Pale Xalapa, Ver.- El coordinador de la Comisi\u00f3n Ejecutiva Estatal del Partido del Trabajo (PT), Vicente Aguilar Aguilar exigi\u00f3 a los diputados del Congreso Local que aprueben lo m\u00e1s pronto posible la derogaci\u00f3n de ultrajes a la autoridad ya que sigue &#8220;estancada&#8221; en comisiones. En conferencia de prensa realizada en las instalaciones de su [&hellip;]<\/p>\n","protected":false},"author":1,"featured_media":23274,"comment_status":"open","ping_status":"open","sticky":false,"template":"","format":"standard","meta":{"_jetpack_memberships_contains_paid_content":false,"footnotes":""},"categories":[2],"tags":[],"class_list":["post-23273","post","type-post","status-publish","format-standard","has-post-thumbnail","hentry","category-estado"],"jetpack_featured_media_url":"https:\/\/encuentroinformativo.com.mx\/wp-content\/uploads\/2022\/02\/2A30A005-934F-4D44-8022-DBC8A470D99E.jpeg","jetpack_sharing_enabled":true,"jetpack_likes_enabled":true,"amp_enabled":true,"_links":{"self":[{"href":"https:\/\/encuentroinformativo.com.mx\/index.php?rest_route=\/wp\/v2\/posts\/23273","targetHints":{"allow":["GET"]}}],"collection":[{"href":"https:\/\/encuentroinformativo.com.mx\/index.php?rest_route=\/wp\/v2\/posts"}],"about":[{"href":"https:\/\/encuentroinformativo.com.mx\/index.php?rest_route=\/wp\/v2\/types\/post"}],"author":[{"embeddable":true,"href":"https:\/\/encuentroinformativo.com.mx\/index.php?rest_route=\/wp\/v2\/users\/1"}],"replies":[{"embeddable":true,"href":"https:\/\/encuentroinformativo.com.mx\/index.php?rest_route=%2Fwp%2Fv2%2Fcomments&post=23273"}],"version-history":[{"count":1,"href":"https:\/\/encuentroinformativo.com.mx\/index.php?rest_route=\/wp\/v2\/posts\/23273\/revisions"}],"predecessor-version":[{"id":23275,"href":"https:\/\/encuentroinformativo.com.mx\/index.php?rest_route=\/wp\/v2\/posts\/23273\/revisions\/23275"}],"wp:featuredmedia":[{"embeddable":true,"href":"https:\/\/encuentroinformativo.com.mx\/index.php?rest_route=\/wp\/v2\/media\/23274"}],"wp:attachment":[{"href":"https:\/\/encuentroinformativo.com.mx\/index.php?rest_route=%2Fwp%2Fv2%2Fmedia&parent=23273"}],"wp:term":[{"taxonomy":"category","embeddable":true,"href":"https:\/\/encuentroinformativo.com.mx\/index.php?rest_route=%2Fwp%2Fv2%2Fcategories&post=23273"},{"taxonomy":"post_tag","embeddable":true,"href":"https:\/\/encuentroinformativo.com.mx\/index.php?rest_route=%2Fwp%2Fv2%2Ftags&post=23273"}],"curies":[{"name":"wp","href":"https:\/\/api.w.org\/{rel}","templated":true}]}}