{"id":23282,"date":"2022-02-08T14:14:00","date_gmt":"2022-02-08T20:14:00","guid":{"rendered":"https:\/\/encuentroinformativo.com.mx\/?p=23282"},"modified":"2022-02-08T14:14:04","modified_gmt":"2022-02-08T20:14:04","slug":"incendio-de-camion-deja-sin-luz-a-colonia-villa-rica-en-boca-del-rio","status":"publish","type":"post","link":"https:\/\/encuentroinformativo.com.mx\/?p=23282","title":{"rendered":"Incendio de cami\u00f3n deja sin luz a colonia Villa Rica en Boca del R\u00edo"},"content":{"rendered":"\n<p><strong>Alejandro \u00c1vila<\/strong><\/p>\n\n\n\n<p>Boca del R\u00edo, Ver.- El incendio de un autob\u00fas urbano de la ruta Palmitas, dej\u00f3 sin energ\u00eda el\u00e9ctrica a vecinos de la colonia Villa Rica en el municipio de Boca del R\u00edo.<\/p>\n\n\n\n<p>Testigos se\u00f1alan que el cami\u00f3n se incendi\u00f3 en la calle Obrero entre Josefa Ortiz de Dom\u00ednguez y Donato Casas, afectando el cableado de la Comisi\u00f3n Federal de Electricidad (CFE), lo que provoc\u00f3 la suspensi\u00f3n del servicio en dos calles, dejando cerca de 50 familias afectadas.<\/p>\n\n\n\n<p>Los hechos se suscitaron cerca de la medianoche de este lunes, d\u00f3nde vecinos alertaron al 911, qui\u00e9n v\u00ednculo la llamada a Bomberos Conurbados, los cuales tardaron cerca de una hora para mitigar el fuego.<\/p>\n\n\n\n<p>La ma\u00f1ana de este martes, personal de Comisi\u00f3n Federal de Electricidad acudi\u00f3 a la colonia Villa Rica para iniciar la reparaci\u00f3n del da\u00f1o y regresar la energ\u00eda el\u00e9ctrica a las viviendas; sin embargo, notificaron a los vecinos que \u00fanicamente pod\u00edan regresar el suministro solo a una calle, pues el cableado que alimenta a la siguiente qued\u00f3 demasiado da\u00f1ado, y tendr\u00e1 que ser modificado en pr\u00f3ximos d\u00edas, sin dar una fecha exacta para su reparaci\u00f3n.<br><\/p>\n\n\n\n<figure class=\"wp-block-image size-large\"><img loading=\"lazy\" decoding=\"async\" width=\"1024\" height=\"768\" src=\"https:\/\/encuentroinformativo.com.mx\/wp-content\/uploads\/2022\/02\/BFC9BEB7-5121-4DDF-B4D4-ACE625415DB0-1024x768.jpeg\" alt=\"\" class=\"wp-image-23284\" srcset=\"https:\/\/encuentroinformativo.com.mx\/wp-content\/uploads\/2022\/02\/BFC9BEB7-5121-4DDF-B4D4-ACE625415DB0-1024x768.jpeg 1024w, https:\/\/encuentroinformativo.com.mx\/wp-content\/uploads\/2022\/02\/BFC9BEB7-5121-4DDF-B4D4-ACE625415DB0-300x225.jpeg 300w, https:\/\/encuentroinformativo.com.mx\/wp-content\/uploads\/2022\/02\/BFC9BEB7-5121-4DDF-B4D4-ACE625415DB0-768x576.jpeg 768w, https:\/\/encuentroinformativo.com.mx\/wp-content\/uploads\/2022\/02\/BFC9BEB7-5121-4DDF-B4D4-ACE625415DB0.jpeg 1280w\" sizes=\"auto, (max-width: 1024px) 100vw, 1024px\" \/><\/figure>\n","protected":false},"excerpt":{"rendered":"<p>Alejandro \u00c1vila Boca del R\u00edo, Ver.- El incendio de un autob\u00fas urbano de la ruta Palmitas, dej\u00f3 sin energ\u00eda el\u00e9ctrica a vecinos de la colonia Villa Rica en el municipio de Boca del R\u00edo. Testigos se\u00f1alan que el cami\u00f3n se incendi\u00f3 en la calle Obrero entre Josefa Ortiz de Dom\u00ednguez y Donato Casas, afectando el [&hellip;]<\/p>\n","protected":false},"author":1,"featured_media":23283,"comment_status":"open","ping_status":"open","sticky":false,"template":"","format":"standard","meta":{"_jetpack_memberships_contains_paid_content":false,"footnotes":""},"categories":[2],"tags":[],"class_list":["post-23282","post","type-post","status-publish","format-standard","has-post-thumbnail","hentry","category-estado"],"jetpack_featured_media_url":"https:\/\/encuentroinformativo.com.mx\/wp-content\/uploads\/2022\/02\/4C891FF5-0099-4BD0-8625-2F4EF094D93B.jpeg","jetpack_sharing_enabled":true,"jetpack_likes_enabled":true,"amp_enabled":true,"_links":{"self":[{"href":"https:\/\/encuentroinformativo.com.mx\/index.php?rest_route=\/wp\/v2\/posts\/23282","targetHints":{"allow":["GET"]}}],"collection":[{"href":"https:\/\/encuentroinformativo.com.mx\/index.php?rest_route=\/wp\/v2\/posts"}],"about":[{"href":"https:\/\/encuentroinformativo.com.mx\/index.php?rest_route=\/wp\/v2\/types\/post"}],"author":[{"embeddable":true,"href":"https:\/\/encuentroinformativo.com.mx\/index.php?rest_route=\/wp\/v2\/users\/1"}],"replies":[{"embeddable":true,"href":"https:\/\/encuentroinformativo.com.mx\/index.php?rest_route=%2Fwp%2Fv2%2Fcomments&post=23282"}],"version-history":[{"count":1,"href":"https:\/\/encuentroinformativo.com.mx\/index.php?rest_route=\/wp\/v2\/posts\/23282\/revisions"}],"predecessor-version":[{"id":23285,"href":"https:\/\/encuentroinformativo.com.mx\/index.php?rest_route=\/wp\/v2\/posts\/23282\/revisions\/23285"}],"wp:featuredmedia":[{"embeddable":true,"href":"https:\/\/encuentroinformativo.com.mx\/index.php?rest_route=\/wp\/v2\/media\/23283"}],"wp:attachment":[{"href":"https:\/\/encuentroinformativo.com.mx\/index.php?rest_route=%2Fwp%2Fv2%2Fmedia&parent=23282"}],"wp:term":[{"taxonomy":"category","embeddable":true,"href":"https:\/\/encuentroinformativo.com.mx\/index.php?rest_route=%2Fwp%2Fv2%2Fcategories&post=23282"},{"taxonomy":"post_tag","embeddable":true,"href":"https:\/\/encuentroinformativo.com.mx\/index.php?rest_route=%2Fwp%2Fv2%2Ftags&post=23282"}],"curies":[{"name":"wp","href":"https:\/\/api.w.org\/{rel}","templated":true}]}}