{"id":23286,"date":"2022-02-08T14:27:00","date_gmt":"2022-02-08T20:27:00","guid":{"rendered":"https:\/\/encuentroinformativo.com.mx\/?p=23286"},"modified":"2022-02-08T14:27:03","modified_gmt":"2022-02-08T20:27:03","slug":"se-registro-nueva-nevada-en-perote","status":"publish","type":"post","link":"https:\/\/encuentroinformativo.com.mx\/?p=23286","title":{"rendered":"Se registr\u00f3 nueva nevada en Perote"},"content":{"rendered":"\n<p><strong>Juan Arcos <\/strong><\/p>\n\n\n\n<p>Xalapa, Ver.- Este martes 8 de febrero cay\u00f3 la quinta nevada de la temporada invernal 2021-2022 en el Cofre de Perote.<\/p>\n\n\n\n<p>La meteor\u00f3loga de la Comisi\u00f3n Nacional del Agua (Conagua), Jessica Iveth Luna Lagunes, dio a conocer que esto ocurri\u00f3 debido al reforzamiento del sistema de alta presi\u00f3n y masa de aire fr\u00edo asociado al frente fr\u00edo n\u00famero 28.<\/p>\n\n\n\n<p>Se prev\u00e9 que durante todo el d\u00eda martes predominan las bajas temperaturas en la mayor parte del estado de Veracruz.<\/p>\n\n\n\n<p>\u201cVan a mantener un ambiente de fr\u00edo a fresco, siendo posible que a partir de ma\u00f1ana (mi\u00e9rcoles) la temperatura empiece a incrementarse principalmente en la zona norte y la zona sur\u201d, indic\u00f3.<\/p>\n\n\n\n<p>La especialista mencion\u00f3 que en las zonas serranas a\u00fan existe la posibilidad de que durante las noches y al amanecer se registren temperaturas por abajo de los cero grados cent\u00edgrados.<\/p>\n\n\n\n<p>La Jefa del Departamento de Hidrometeorolog\u00eda alert\u00f3 que podr\u00edan presentarse tambi\u00e9n heladas en las zonas de monta\u00f1a.<\/p>\n\n\n\n<p>Adem\u00e1s, contin\u00faa la probabilidad de nieblas, lloviznas y lluvias, las m\u00e1s importantes en la zona sur de la entidad.<\/p>\n\n\n\n<p>En la ciudad de Xalapa han predominado temperaturas con valores de los 11.2 y 16.5 grados cent\u00edgrados, seg\u00fan cifras de la Comisi\u00f3n Nacional del Agua.\u00a0<\/p>\n","protected":false},"excerpt":{"rendered":"<p>Juan Arcos Xalapa, Ver.- Este martes 8 de febrero cay\u00f3 la quinta nevada de la temporada invernal 2021-2022 en el Cofre de Perote. La meteor\u00f3loga de la Comisi\u00f3n Nacional del Agua (Conagua), Jessica Iveth Luna Lagunes, dio a conocer que esto ocurri\u00f3 debido al reforzamiento del sistema de alta presi\u00f3n y masa de aire fr\u00edo [&hellip;]<\/p>\n","protected":false},"author":1,"featured_media":23287,"comment_status":"open","ping_status":"open","sticky":false,"template":"","format":"standard","meta":{"_jetpack_memberships_contains_paid_content":false,"footnotes":""},"categories":[8],"tags":[],"class_list":["post-23286","post","type-post","status-publish","format-standard","has-post-thumbnail","hentry","category-region"],"jetpack_featured_media_url":"https:\/\/encuentroinformativo.com.mx\/wp-content\/uploads\/2022\/02\/CE30E0D6-13D0-4F39-BE75-51DD7E716F8B.jpeg","jetpack_sharing_enabled":true,"jetpack_likes_enabled":true,"amp_enabled":true,"_links":{"self":[{"href":"https:\/\/encuentroinformativo.com.mx\/index.php?rest_route=\/wp\/v2\/posts\/23286","targetHints":{"allow":["GET"]}}],"collection":[{"href":"https:\/\/encuentroinformativo.com.mx\/index.php?rest_route=\/wp\/v2\/posts"}],"about":[{"href":"https:\/\/encuentroinformativo.com.mx\/index.php?rest_route=\/wp\/v2\/types\/post"}],"author":[{"embeddable":true,"href":"https:\/\/encuentroinformativo.com.mx\/index.php?rest_route=\/wp\/v2\/users\/1"}],"replies":[{"embeddable":true,"href":"https:\/\/encuentroinformativo.com.mx\/index.php?rest_route=%2Fwp%2Fv2%2Fcomments&post=23286"}],"version-history":[{"count":1,"href":"https:\/\/encuentroinformativo.com.mx\/index.php?rest_route=\/wp\/v2\/posts\/23286\/revisions"}],"predecessor-version":[{"id":23288,"href":"https:\/\/encuentroinformativo.com.mx\/index.php?rest_route=\/wp\/v2\/posts\/23286\/revisions\/23288"}],"wp:featuredmedia":[{"embeddable":true,"href":"https:\/\/encuentroinformativo.com.mx\/index.php?rest_route=\/wp\/v2\/media\/23287"}],"wp:attachment":[{"href":"https:\/\/encuentroinformativo.com.mx\/index.php?rest_route=%2Fwp%2Fv2%2Fmedia&parent=23286"}],"wp:term":[{"taxonomy":"category","embeddable":true,"href":"https:\/\/encuentroinformativo.com.mx\/index.php?rest_route=%2Fwp%2Fv2%2Fcategories&post=23286"},{"taxonomy":"post_tag","embeddable":true,"href":"https:\/\/encuentroinformativo.com.mx\/index.php?rest_route=%2Fwp%2Fv2%2Ftags&post=23286"}],"curies":[{"name":"wp","href":"https:\/\/api.w.org\/{rel}","templated":true}]}}