{"id":23289,"date":"2022-02-08T14:39:33","date_gmt":"2022-02-08T20:39:33","guid":{"rendered":"https:\/\/encuentroinformativo.com.mx\/?p=23289"},"modified":"2022-02-08T14:39:37","modified_gmt":"2022-02-08T20:39:37","slug":"confian-autoridades-en-reactivacion-economica-por-cumbre-tajin","status":"publish","type":"post","link":"https:\/\/encuentroinformativo.com.mx\/?p=23289","title":{"rendered":"Conf\u00edan autoridades en reactivaci\u00f3n econ\u00f3mica por Cumbre Taj\u00edn"},"content":{"rendered":"\n<p><strong>Dar\u00edo Pale <\/strong><\/p>\n\n\n\n<p>Xalapa, Ver.- La titular de la Secretar\u00eda de Turismo y Cultura (SECTUR), X\u00f3chitl Arbers\u00fa Lago dio a conocer que con la Cumbre Taj\u00edn se reactivar\u00e1 la econom\u00eda en zona norte de Veracruz y se har\u00e1 con todas las medidas sanitarias.<\/p>\n\n\n\n<p>En conferencia de prensa realizada en Los Pinos en la Ciudad de M\u00e9xico, llev\u00f3 a cabo la presentaci\u00f3n del Festival de la Cumbre Taj\u00edn a celebrarse del 18 al 20 de marzo, el cual busca reactivar la econom\u00eda de la zona norte de la entidad.<\/p>\n\n\n\n<p>Record\u00f3 que el parque estuvo cerrado por dos a\u00f1os, sin embargo con \u00e9stas actividades se busca tener la inclusi\u00f3n social adem\u00e1s de los derechos culturales, adem\u00e1s de que los eventos se van a realizar con todas las medidas sanitarias y tratar\u00e1n de evitar aglomeraciones.<\/p>\n\n\n\n<p>\u201cSe ve la luz al final de la pandemia. Hay una celebraci\u00f3n del decenio de los pueblos originarios; vamos a estar participando en las celebraciones del Totonacapan\u201d, se\u00f1al\u00f3.<\/p>\n\n\n\n<p>Detall\u00f3 que se tendr\u00e1n artistas de talla internacional como lo es el grupo Intocable y Matute, no obstante, tambi\u00e9n se refri\u00f3 a la participaci\u00f3n de grupos locales como los Recovecos y Los Aguas Aguas.<\/p>\n\n\n\n<p>Adem\u00e1s, se tendr\u00e1n entre las actividades m\u00e1s importantes: muestras de cine \u201cVeracruz me llena de orgullo\u201d, el encuentro regional de danzantes y m\u00fasicos de Veracruz, Puebla y Tlaxcala. Tambi\u00e9n hay en el programa, juegos y actividades tradicionales del Totonacapan.<\/p>\n\n\n\n<p>Finalmente la Secretaria de Turismo , dijo que la econom\u00eda de la zona norte, principalmente de Papantla se activar\u00e1, ya que el \u00faltimo fin de semana del festival ser\u00e1 largo, lo que permite a las familias quedarse m\u00e1s tiempo y disfrutar de las tierras veracruzanas.<\/p>\n","protected":false},"excerpt":{"rendered":"<p>Dar\u00edo Pale Xalapa, Ver.- La titular de la Secretar\u00eda de Turismo y Cultura (SECTUR), X\u00f3chitl Arbers\u00fa Lago dio a conocer que con la Cumbre Taj\u00edn se reactivar\u00e1 la econom\u00eda en zona norte de Veracruz y se har\u00e1 con todas las medidas sanitarias. En conferencia de prensa realizada en Los Pinos en la Ciudad de M\u00e9xico, [&hellip;]<\/p>\n","protected":false},"author":1,"featured_media":23290,"comment_status":"open","ping_status":"open","sticky":false,"template":"","format":"standard","meta":{"_jetpack_memberships_contains_paid_content":false,"footnotes":""},"categories":[2],"tags":[],"class_list":["post-23289","post","type-post","status-publish","format-standard","has-post-thumbnail","hentry","category-estado"],"jetpack_featured_media_url":"https:\/\/encuentroinformativo.com.mx\/wp-content\/uploads\/2022\/02\/0CE65CF5-EDEE-4B94-8A9C-71298E7BECC0.jpeg","jetpack_sharing_enabled":true,"jetpack_likes_enabled":true,"amp_enabled":true,"_links":{"self":[{"href":"https:\/\/encuentroinformativo.com.mx\/index.php?rest_route=\/wp\/v2\/posts\/23289","targetHints":{"allow":["GET"]}}],"collection":[{"href":"https:\/\/encuentroinformativo.com.mx\/index.php?rest_route=\/wp\/v2\/posts"}],"about":[{"href":"https:\/\/encuentroinformativo.com.mx\/index.php?rest_route=\/wp\/v2\/types\/post"}],"author":[{"embeddable":true,"href":"https:\/\/encuentroinformativo.com.mx\/index.php?rest_route=\/wp\/v2\/users\/1"}],"replies":[{"embeddable":true,"href":"https:\/\/encuentroinformativo.com.mx\/index.php?rest_route=%2Fwp%2Fv2%2Fcomments&post=23289"}],"version-history":[{"count":1,"href":"https:\/\/encuentroinformativo.com.mx\/index.php?rest_route=\/wp\/v2\/posts\/23289\/revisions"}],"predecessor-version":[{"id":23291,"href":"https:\/\/encuentroinformativo.com.mx\/index.php?rest_route=\/wp\/v2\/posts\/23289\/revisions\/23291"}],"wp:featuredmedia":[{"embeddable":true,"href":"https:\/\/encuentroinformativo.com.mx\/index.php?rest_route=\/wp\/v2\/media\/23290"}],"wp:attachment":[{"href":"https:\/\/encuentroinformativo.com.mx\/index.php?rest_route=%2Fwp%2Fv2%2Fmedia&parent=23289"}],"wp:term":[{"taxonomy":"category","embeddable":true,"href":"https:\/\/encuentroinformativo.com.mx\/index.php?rest_route=%2Fwp%2Fv2%2Fcategories&post=23289"},{"taxonomy":"post_tag","embeddable":true,"href":"https:\/\/encuentroinformativo.com.mx\/index.php?rest_route=%2Fwp%2Fv2%2Ftags&post=23289"}],"curies":[{"name":"wp","href":"https:\/\/api.w.org\/{rel}","templated":true}]}}