{"id":2329,"date":"2020-05-04T12:45:37","date_gmt":"2020-05-04T17:45:37","guid":{"rendered":"https:\/\/encuentroinformativo.com\/?p=2329"},"modified":"2020-05-04T12:45:39","modified_gmt":"2020-05-04T17:45:39","slug":"exhorta-el-potrillo-a-sumarse-por-familias-vulnerables","status":"publish","type":"post","link":"https:\/\/encuentroinformativo.com.mx\/?p=2329","title":{"rendered":"Exhorta \u201cel Potrillo\u201d a sumarse por familias vulnerables"},"content":{"rendered":"\n<p><strong>*Es necesario que las personas encargadas de realizar los trabajos en los filtros sanitarios se protejan y cuenten con lo indispensable, porque son el primer frente para evitar los contagios de Covid-19: Carlos Jim\u00e9nez, El Potrillo.<\/strong><\/p>\n\n\n\n<p>Misantla, Ver.- Hoy cumple dos meses de haber tomado protesta el Diputado por Misantla, Carlos Jim\u00e9nez, mejor conocido como el Potrillo, por sus amigos del VIII Distrito; declar\u00f3, que es necesario equipar a los voluntarios y trabajadores de los ayuntamientos, con el equipo de protecci\u00f3n b\u00e1sico, ya que se encuentran en muy precarias condiciones y son el primer frente que est\u00e1 trabajando en contacto con toda la gente que pasa por los filtros sanitarios<\/p>\n\n\n\n<p>El Diputado por Misantla, sigue dando prioridad a las cuestiones que tienen que ver con la salud y la ayuda humanitaria, para menguar el impacto econ\u00f3mico de los sectores vulnerables; caminando por distintas partes, comunidades y colonias de los municipios que representa, tratando de llegar a quien m\u00e1s lo necesita, sin embargo, es imposible que, con sus recursos,  pueda cubrir el 100% de la necesidad que existe y aumenta d\u00eda a d\u00eda entre la sociedad.<\/p>\n\n\n\n<p>La pandemia que ha detenido la econom\u00eda del mundo entero y tiene a nuestro Pa\u00eds, Estado, y municipios, en situaci\u00f3n cr\u00edtica, est\u00e1 provocando que la gente m\u00e1s pobre, se est\u00e9 quedando, literalmente, sin alimentos.<\/p>\n\n\n\n<p>Por eso sigue exhortando a los Funcionarios, Empresarios, Comerciantes, Ganaderos y a toda persona que pueda prestar algo de ayuda a nuestros hermanos, para que se sume a estas acciones ahora que es cuando m\u00e1s se necesita. Algunos ya lo est\u00e1n haciendo, \u00a1gracias por sumarse a esta iniciativa!<br><\/p>\n\n\n\n<figure class=\"wp-block-image size-large\"><img loading=\"lazy\" decoding=\"async\" width=\"1280\" height=\"960\" src=\"https:\/\/i1.wp.com\/encuentroinformativo.com\/wp-content\/uploads\/2020\/05\/5580FE32-9046-4789-9EE3-DA9FF7696909.jpeg?fit=640%2C480&amp;ssl=1\" alt=\"\" class=\"wp-image-2331\" srcset=\"https:\/\/encuentroinformativo.com.mx\/wp-content\/uploads\/2020\/05\/5580FE32-9046-4789-9EE3-DA9FF7696909.jpeg 1280w, https:\/\/encuentroinformativo.com.mx\/wp-content\/uploads\/2020\/05\/5580FE32-9046-4789-9EE3-DA9FF7696909-300x225.jpeg 300w, https:\/\/encuentroinformativo.com.mx\/wp-content\/uploads\/2020\/05\/5580FE32-9046-4789-9EE3-DA9FF7696909-1024x768.jpeg 1024w, https:\/\/encuentroinformativo.com.mx\/wp-content\/uploads\/2020\/05\/5580FE32-9046-4789-9EE3-DA9FF7696909-768x576.jpeg 768w\" sizes=\"auto, (max-width: 1280px) 100vw, 1280px\" \/><\/figure>\n","protected":false},"excerpt":{"rendered":"<p>*Es necesario que las personas encargadas de realizar los trabajos en los filtros sanitarios se protejan y cuenten con lo indispensable, porque son el primer frente para evitar los contagios de Covid-19: Carlos Jim\u00e9nez, El Potrillo. Misantla, Ver.- Hoy cumple dos meses de haber tomado protesta el Diputado por Misantla, Carlos Jim\u00e9nez, mejor conocido como [&hellip;]<\/p>\n","protected":false},"author":1,"featured_media":2330,"comment_status":"open","ping_status":"open","sticky":false,"template":"","format":"standard","meta":{"_jetpack_memberships_contains_paid_content":false,"footnotes":""},"categories":[2],"tags":[],"class_list":["post-2329","post","type-post","status-publish","format-standard","has-post-thumbnail","hentry","category-estado"],"jetpack_featured_media_url":"https:\/\/encuentroinformativo.com.mx\/wp-content\/uploads\/2020\/05\/9351A4DE-35C6-421F-B794-1A5E8C50F1BF.jpeg","jetpack_sharing_enabled":true,"jetpack_likes_enabled":true,"amp_enabled":true,"_links":{"self":[{"href":"https:\/\/encuentroinformativo.com.mx\/index.php?rest_route=\/wp\/v2\/posts\/2329","targetHints":{"allow":["GET"]}}],"collection":[{"href":"https:\/\/encuentroinformativo.com.mx\/index.php?rest_route=\/wp\/v2\/posts"}],"about":[{"href":"https:\/\/encuentroinformativo.com.mx\/index.php?rest_route=\/wp\/v2\/types\/post"}],"author":[{"embeddable":true,"href":"https:\/\/encuentroinformativo.com.mx\/index.php?rest_route=\/wp\/v2\/users\/1"}],"replies":[{"embeddable":true,"href":"https:\/\/encuentroinformativo.com.mx\/index.php?rest_route=%2Fwp%2Fv2%2Fcomments&post=2329"}],"version-history":[{"count":1,"href":"https:\/\/encuentroinformativo.com.mx\/index.php?rest_route=\/wp\/v2\/posts\/2329\/revisions"}],"predecessor-version":[{"id":2332,"href":"https:\/\/encuentroinformativo.com.mx\/index.php?rest_route=\/wp\/v2\/posts\/2329\/revisions\/2332"}],"wp:featuredmedia":[{"embeddable":true,"href":"https:\/\/encuentroinformativo.com.mx\/index.php?rest_route=\/wp\/v2\/media\/2330"}],"wp:attachment":[{"href":"https:\/\/encuentroinformativo.com.mx\/index.php?rest_route=%2Fwp%2Fv2%2Fmedia&parent=2329"}],"wp:term":[{"taxonomy":"category","embeddable":true,"href":"https:\/\/encuentroinformativo.com.mx\/index.php?rest_route=%2Fwp%2Fv2%2Fcategories&post=2329"},{"taxonomy":"post_tag","embeddable":true,"href":"https:\/\/encuentroinformativo.com.mx\/index.php?rest_route=%2Fwp%2Fv2%2Ftags&post=2329"}],"curies":[{"name":"wp","href":"https:\/\/api.w.org\/{rel}","templated":true}]}}