{"id":23292,"date":"2022-02-08T14:49:35","date_gmt":"2022-02-08T20:49:35","guid":{"rendered":"https:\/\/encuentroinformativo.com.mx\/?p=23292"},"modified":"2022-02-08T14:49:37","modified_gmt":"2022-02-08T20:49:37","slug":"reforzara-ayuntamiento-medidas-de-prevencion-contra-covid-19","status":"publish","type":"post","link":"https:\/\/encuentroinformativo.com.mx\/?p=23292","title":{"rendered":"Reforzar\u00e1 Ayuntamiento medidas de prevenci\u00f3n contra Covid-19"},"content":{"rendered":"\n<p>Xalapa, Ver.- El Ayuntamiento de Xalapa establecer\u00e1 medidas de control sanitarias para mitigar el n\u00famero de contagios de Covid-19, tanto en las dependencias del Ayuntamiento como en espacios p\u00fablicos como mercados y tianguis, inform\u00f3 el presidente municipal Ricardo Ahued Bardahuil.<\/p>\n\n\n\n<p>Luego de que la Secretar\u00eda de Salud confirmara que Xalapa est\u00e1 en color rojo dentro del Sem\u00e1foro Regional de Riesgo Epidemiol\u00f3gico, el Edil exhort\u00f3 a la poblaci\u00f3n a extremar las acciones de prevenci\u00f3n, que se acompa\u00f1an de las estrategias de control sanitario establecidas por el sector salud y las autoridades.<\/p>\n\n\n\n<p>El Alcalde manifest\u00f3 que de acuerdo con los protocolos se restringir\u00e1 el aforo en algunos espacios, as\u00ed como en las audiencias p\u00fablicas de atenci\u00f3n que se celebran en Palacio Municipal.<\/p>\n\n\n\n<p>Confi\u00f3 en que esta nueva ola de contagios se controle gradualmente para mejorar las condiciones de las actividades productivas y sociales del municipio, pues si bien en Xalapa<br>se registra un n\u00famero importante de casos, esto tambi\u00e9n est\u00e1 relacionado con el hecho de que en la capital del estado se ubican los centros hospitalarios, por lo que acude poblaci\u00f3n de otros lugares que no necesariamente se contagi\u00f3 aqu\u00ed.<\/p>\n\n\n\n<p>Ricardo Ahued reiter\u00f3 el exhorto cuidarse y actuar con responsabilidad. En el caso de los mercados y tianguis, dijo, se est\u00e1n tomando medidas con los dirigentes de estos espacios p\u00fablicos para que se use adecuadamente el cubrebocas y dispongan de gel antibacterial.<\/p>\n\n\n\n<p>Destac\u00f3 que ya se tuvieron algunas reuniones de trabajo con ellos y est\u00e1n aceptando aplicar las protocolos necesarios y actuando con prudencia para no exponer a la gente.<\/p>\n\n\n\n<p>Detall\u00f3 que se continuar\u00e1 con las acciones de orientaci\u00f3n y di\u00e1logo con el sector comercial para reforzar las medidas m\u00e1s all\u00e1 de que la poblaci\u00f3n en Xalapa se caracterizado por cumplir con los protocolos.<\/p>\n\n\n\n<p>\u201cPero as\u00ed est\u00e1n las condiciones en todo el pa\u00eds, se llevar\u00e1n a cabo las acciones adecuadas para que la gente no se vea m\u00e1s afectada\u201d, concluy\u00f3.<\/p>\n","protected":false},"excerpt":{"rendered":"<p>Xalapa, Ver.- El Ayuntamiento de Xalapa establecer\u00e1 medidas de control sanitarias para mitigar el n\u00famero de contagios de Covid-19, tanto en las dependencias del Ayuntamiento como en espacios p\u00fablicos como mercados y tianguis, inform\u00f3 el presidente municipal Ricardo Ahued Bardahuil. Luego de que la Secretar\u00eda de Salud confirmara que Xalapa est\u00e1 en color rojo dentro [&hellip;]<\/p>\n","protected":false},"author":1,"featured_media":23293,"comment_status":"open","ping_status":"open","sticky":false,"template":"","format":"standard","meta":{"_jetpack_memberships_contains_paid_content":false,"footnotes":""},"categories":[9],"tags":[],"class_list":["post-23292","post","type-post","status-publish","format-standard","has-post-thumbnail","hentry","category-salud"],"jetpack_featured_media_url":"https:\/\/encuentroinformativo.com.mx\/wp-content\/uploads\/2022\/02\/0FA721EA-E252-4B75-95C8-0AE514372BEC.jpeg","jetpack_sharing_enabled":true,"jetpack_likes_enabled":true,"amp_enabled":true,"_links":{"self":[{"href":"https:\/\/encuentroinformativo.com.mx\/index.php?rest_route=\/wp\/v2\/posts\/23292","targetHints":{"allow":["GET"]}}],"collection":[{"href":"https:\/\/encuentroinformativo.com.mx\/index.php?rest_route=\/wp\/v2\/posts"}],"about":[{"href":"https:\/\/encuentroinformativo.com.mx\/index.php?rest_route=\/wp\/v2\/types\/post"}],"author":[{"embeddable":true,"href":"https:\/\/encuentroinformativo.com.mx\/index.php?rest_route=\/wp\/v2\/users\/1"}],"replies":[{"embeddable":true,"href":"https:\/\/encuentroinformativo.com.mx\/index.php?rest_route=%2Fwp%2Fv2%2Fcomments&post=23292"}],"version-history":[{"count":1,"href":"https:\/\/encuentroinformativo.com.mx\/index.php?rest_route=\/wp\/v2\/posts\/23292\/revisions"}],"predecessor-version":[{"id":23294,"href":"https:\/\/encuentroinformativo.com.mx\/index.php?rest_route=\/wp\/v2\/posts\/23292\/revisions\/23294"}],"wp:featuredmedia":[{"embeddable":true,"href":"https:\/\/encuentroinformativo.com.mx\/index.php?rest_route=\/wp\/v2\/media\/23293"}],"wp:attachment":[{"href":"https:\/\/encuentroinformativo.com.mx\/index.php?rest_route=%2Fwp%2Fv2%2Fmedia&parent=23292"}],"wp:term":[{"taxonomy":"category","embeddable":true,"href":"https:\/\/encuentroinformativo.com.mx\/index.php?rest_route=%2Fwp%2Fv2%2Fcategories&post=23292"},{"taxonomy":"post_tag","embeddable":true,"href":"https:\/\/encuentroinformativo.com.mx\/index.php?rest_route=%2Fwp%2Fv2%2Ftags&post=23292"}],"curies":[{"name":"wp","href":"https:\/\/api.w.org\/{rel}","templated":true}]}}