{"id":23295,"date":"2022-02-08T15:06:46","date_gmt":"2022-02-08T21:06:46","guid":{"rendered":"https:\/\/encuentroinformativo.com.mx\/?p=23295"},"modified":"2022-02-08T15:06:49","modified_gmt":"2022-02-08T21:06:49","slug":"recuperacion-economica-para-2024-preven-especialistas","status":"publish","type":"post","link":"https:\/\/encuentroinformativo.com.mx\/?p=23295","title":{"rendered":"Recuperaci\u00f3n econ\u00f3mica para 2024, prev\u00e9n especialistas"},"content":{"rendered":"\n<p><strong>Alejandro \u00c1vila<\/strong><\/p>\n\n\n\n<p>Veracruz, Ver.- Hilario Barcelata Ch\u00e1vez, coordinador del Observatorio de Finanzas P\u00fablicas y Desarrollo Regional de la Universidad Veracruzana, se\u00f1al\u00f3 que la recuperaci\u00f3n econ\u00f3mica en el estado llegar\u00eda hasta el 2024; aunque se colocar\u00eda en los est\u00e1ndares que hubo en el 2019, justo antes de la pandemia.<\/p>\n\n\n\n<p>Se\u00f1al\u00f3 qu\u00e9 el retraso en la recuperaci\u00f3n econ\u00f3mica de Veracruz se debe al ritmo de trabajo que lleva el Gobierno del Estado, pues otras entidades ya han estado avanzando considerablemente en su desarrollo financiero, acompa\u00f1ados de la iniciativa privada.<\/p>\n\n\n\n<p>Expuso que Veracruz se encuentra junto con otros 18 estados, en &#8220;sem\u00e1foro rojo&#8221; de crecimiento econ\u00f3mico.<\/p>\n\n\n\n<p>\u201cEl crecimiento econ\u00f3mico, las tasas de crecimiento que estamos teniendo y que se prev\u00e9n nos permitir\u00e1n una recuperaci\u00f3n hasta el 2024, en el 2024 la econom\u00eda veracruzana estar\u00eda alcanzando el nivel que ten\u00eda en el 2019\u201d, se\u00f1al\u00f3.<\/p>\n\n\n\n<p>Por si fuera poco el nivel de bienestar personal, seg\u00fan los c\u00e1lculos que realiza el del Observatorio de Finanzas P\u00fablicas y Desarrollo Regional de la Universidad Veracruzana, tardar\u00eda 5 a\u00f1os m\u00e1s en concretarse; es decir, hasta el 2027.<\/p>\n\n\n\n<p>\u201cEn nivel de bienestar que ser\u00eda el ingreso del Producto Interno Bruto por persona y la recuperaci\u00f3n de ese bienestar va llegar hasta el 2027 apenas estar\u00edamos regresando al nivel del 2019, lo cual no es ninguna recuperaci\u00f3n porque en el 2019 tampoco est\u00e1bamos tan bien\u201d.<\/p>\n\n\n\n<p>Barcelata Ch\u00e1vez, resalt\u00f3 que la industria de la construcci\u00f3n es la que registra una ca\u00edda m\u00e1s pronunciada, mientras que la miner\u00eda es la que se ha ido recuperando; sin embargo, no alcanza para que se perciba crecimiento.<\/p>\n\n\n\n<p>\u201cDe acuerdo con datos publicados por el INEGI vemos que en Veracruz la industria sigue todav\u00eda muy por debajo del 2019, sufri\u00f3 una ca\u00edda importante, esto lo comparte con otras 18 entidades federativas, no es exclusivo de Veracruz, pero hay otras que ya est\u00e1n demostrando crecimiento comparado con el 2019, ya se recuperaron de la pandemia\u201d.<\/p>\n\n\n\n<p>Resalt\u00f3 que las mediciones se pueden revertir y acelerar el proceso de recuperaci\u00f3n, siempre que se establezcan por parte de las autoridades y sociedad civil programas de apoyo para incrementar el empleo y&nbsp; las exportaciones.<\/p>\n","protected":false},"excerpt":{"rendered":"<p>Alejandro \u00c1vila Veracruz, Ver.- Hilario Barcelata Ch\u00e1vez, coordinador del Observatorio de Finanzas P\u00fablicas y Desarrollo Regional de la Universidad Veracruzana, se\u00f1al\u00f3 que la recuperaci\u00f3n econ\u00f3mica en el estado llegar\u00eda hasta el 2024; aunque se colocar\u00eda en los est\u00e1ndares que hubo en el 2019, justo antes de la pandemia. Se\u00f1al\u00f3 qu\u00e9 el retraso en la recuperaci\u00f3n [&hellip;]<\/p>\n","protected":false},"author":1,"featured_media":23296,"comment_status":"open","ping_status":"open","sticky":false,"template":"","format":"standard","meta":{"_jetpack_memberships_contains_paid_content":false,"footnotes":""},"categories":[2],"tags":[],"class_list":["post-23295","post","type-post","status-publish","format-standard","has-post-thumbnail","hentry","category-estado"],"jetpack_featured_media_url":"https:\/\/encuentroinformativo.com.mx\/wp-content\/uploads\/2022\/02\/0D2194E0-F56D-4301-B4AB-B1092C1654E2.jpeg","jetpack_sharing_enabled":true,"jetpack_likes_enabled":true,"amp_enabled":true,"_links":{"self":[{"href":"https:\/\/encuentroinformativo.com.mx\/index.php?rest_route=\/wp\/v2\/posts\/23295","targetHints":{"allow":["GET"]}}],"collection":[{"href":"https:\/\/encuentroinformativo.com.mx\/index.php?rest_route=\/wp\/v2\/posts"}],"about":[{"href":"https:\/\/encuentroinformativo.com.mx\/index.php?rest_route=\/wp\/v2\/types\/post"}],"author":[{"embeddable":true,"href":"https:\/\/encuentroinformativo.com.mx\/index.php?rest_route=\/wp\/v2\/users\/1"}],"replies":[{"embeddable":true,"href":"https:\/\/encuentroinformativo.com.mx\/index.php?rest_route=%2Fwp%2Fv2%2Fcomments&post=23295"}],"version-history":[{"count":1,"href":"https:\/\/encuentroinformativo.com.mx\/index.php?rest_route=\/wp\/v2\/posts\/23295\/revisions"}],"predecessor-version":[{"id":23297,"href":"https:\/\/encuentroinformativo.com.mx\/index.php?rest_route=\/wp\/v2\/posts\/23295\/revisions\/23297"}],"wp:featuredmedia":[{"embeddable":true,"href":"https:\/\/encuentroinformativo.com.mx\/index.php?rest_route=\/wp\/v2\/media\/23296"}],"wp:attachment":[{"href":"https:\/\/encuentroinformativo.com.mx\/index.php?rest_route=%2Fwp%2Fv2%2Fmedia&parent=23295"}],"wp:term":[{"taxonomy":"category","embeddable":true,"href":"https:\/\/encuentroinformativo.com.mx\/index.php?rest_route=%2Fwp%2Fv2%2Fcategories&post=23295"},{"taxonomy":"post_tag","embeddable":true,"href":"https:\/\/encuentroinformativo.com.mx\/index.php?rest_route=%2Fwp%2Fv2%2Ftags&post=23295"}],"curies":[{"name":"wp","href":"https:\/\/api.w.org\/{rel}","templated":true}]}}