{"id":23298,"date":"2022-02-08T15:21:06","date_gmt":"2022-02-08T21:21:06","guid":{"rendered":"https:\/\/encuentroinformativo.com.mx\/?p=23298"},"modified":"2022-02-08T15:21:09","modified_gmt":"2022-02-08T21:21:09","slug":"nuevo-grupo-de-restauranteros-persigue-objetivos-diferentes-canirac","status":"publish","type":"post","link":"https:\/\/encuentroinformativo.com.mx\/?p=23298","title":{"rendered":"Nuevo grupo de restauranteros persigue objetivos diferentes: CANIRAC"},"content":{"rendered":"\n<p><strong>Alejandro \u00c1vila<\/strong><\/p>\n\n\n\n<p>Boca del R\u00edo, Ver.- La creaci\u00f3n de &#8220;Restauranteros Unidos&#8221; no supone un futuro pleito entre los agremiados a la C\u00e1mara Nacional de la Industria Restaurantera (CANIRAC), inform\u00f3 su presidente Marcel Van Eyck, pues asegur\u00f3 cada grupo persigue objetivos diferentes.<\/p>\n\n\n\n<p>Destac\u00f3 que la nueva agrupaci\u00f3n une a j\u00f3venes emprendedores, e incluso los invit\u00f3 a sumarse a la CANIRAC hace una semana; sin embargo, decidieron forjar su propio camino.<\/p>\n\n\n\n<p>&#8220;S\u00ed, vamos a trabajar juntos (\u2026) hacen capacitaciones, buscan descuentos y especialmente lo que quieren es tener est\u00e1 plataforma de servicio a domicilio&#8221;, manifest\u00f3.<\/p>\n\n\n\n<p>Al respecto de la aplicaci\u00f3n de env\u00edos, reconoci\u00f3 qu\u00e9, es una buena iniciativa, ya que es sin costo alguno para el empresario, situaci\u00f3n que ayuda cu\u00e1ndo inicias un negocio.<\/p>\n\n\n\n<p>A pesar de las buenas intenciones de los noveles empresarios es buena, destac\u00f3 que la representaci\u00f3n oficial ante autoridades y proveedores, le corresponde \u00fanicamente a la CANIRAC.<\/p>\n\n\n\n<p>En otro tema, el presidente de la Canirac se\u00f1al\u00f3 que este fin de semana y el 14 de febrero es una fecha importante para los restauranteros, ya que esperan un lleno del 80 por ciento al menos.<\/p>\n","protected":false},"excerpt":{"rendered":"<p>Alejandro \u00c1vila Boca del R\u00edo, Ver.- La creaci\u00f3n de &#8220;Restauranteros Unidos&#8221; no supone un futuro pleito entre los agremiados a la C\u00e1mara Nacional de la Industria Restaurantera (CANIRAC), inform\u00f3 su presidente Marcel Van Eyck, pues asegur\u00f3 cada grupo persigue objetivos diferentes. Destac\u00f3 que la nueva agrupaci\u00f3n une a j\u00f3venes emprendedores, e incluso los invit\u00f3 a [&hellip;]<\/p>\n","protected":false},"author":1,"featured_media":23299,"comment_status":"open","ping_status":"open","sticky":false,"template":"","format":"standard","meta":{"_jetpack_memberships_contains_paid_content":false,"footnotes":""},"categories":[2],"tags":[],"class_list":["post-23298","post","type-post","status-publish","format-standard","has-post-thumbnail","hentry","category-estado"],"jetpack_featured_media_url":"https:\/\/encuentroinformativo.com.mx\/wp-content\/uploads\/2022\/02\/BCE6D32E-0E3F-4B2C-8BE9-E56B255C5AFE.jpeg","jetpack_sharing_enabled":true,"jetpack_likes_enabled":true,"amp_enabled":true,"_links":{"self":[{"href":"https:\/\/encuentroinformativo.com.mx\/index.php?rest_route=\/wp\/v2\/posts\/23298","targetHints":{"allow":["GET"]}}],"collection":[{"href":"https:\/\/encuentroinformativo.com.mx\/index.php?rest_route=\/wp\/v2\/posts"}],"about":[{"href":"https:\/\/encuentroinformativo.com.mx\/index.php?rest_route=\/wp\/v2\/types\/post"}],"author":[{"embeddable":true,"href":"https:\/\/encuentroinformativo.com.mx\/index.php?rest_route=\/wp\/v2\/users\/1"}],"replies":[{"embeddable":true,"href":"https:\/\/encuentroinformativo.com.mx\/index.php?rest_route=%2Fwp%2Fv2%2Fcomments&post=23298"}],"version-history":[{"count":1,"href":"https:\/\/encuentroinformativo.com.mx\/index.php?rest_route=\/wp\/v2\/posts\/23298\/revisions"}],"predecessor-version":[{"id":23300,"href":"https:\/\/encuentroinformativo.com.mx\/index.php?rest_route=\/wp\/v2\/posts\/23298\/revisions\/23300"}],"wp:featuredmedia":[{"embeddable":true,"href":"https:\/\/encuentroinformativo.com.mx\/index.php?rest_route=\/wp\/v2\/media\/23299"}],"wp:attachment":[{"href":"https:\/\/encuentroinformativo.com.mx\/index.php?rest_route=%2Fwp%2Fv2%2Fmedia&parent=23298"}],"wp:term":[{"taxonomy":"category","embeddable":true,"href":"https:\/\/encuentroinformativo.com.mx\/index.php?rest_route=%2Fwp%2Fv2%2Fcategories&post=23298"},{"taxonomy":"post_tag","embeddable":true,"href":"https:\/\/encuentroinformativo.com.mx\/index.php?rest_route=%2Fwp%2Fv2%2Ftags&post=23298"}],"curies":[{"name":"wp","href":"https:\/\/api.w.org\/{rel}","templated":true}]}}