{"id":23312,"date":"2022-02-09T11:40:45","date_gmt":"2022-02-09T17:40:45","guid":{"rendered":"https:\/\/encuentroinformativo.com.mx\/?p=23312"},"modified":"2022-02-09T11:40:49","modified_gmt":"2022-02-09T17:40:49","slug":"piden-reactivar-servicio-de-recoleccion-de-basura-en-coatepec","status":"publish","type":"post","link":"https:\/\/encuentroinformativo.com.mx\/?p=23312","title":{"rendered":"Piden reactivar servicio de recolecci\u00f3n de basura en Coatepec"},"content":{"rendered":"\n<p><strong>Juan Arcos <\/strong><\/p>\n\n\n\n<p>Coatepec, Ver.- Pobladores de Coatepec pidieron a las autoridades municipales que reactiven las rutas del servicio de recolecci\u00f3n de basura para evitar problemas de contaminaci\u00f3n en el Pueblo M\u00e1gico.<\/p>\n\n\n\n<p>Las personas comentaron de manera an\u00f3nima que los camiones recogen los residuos s\u00f3lidos urbanos cada d\u00eda lunes, una vez por semana.<\/p>\n\n\n\n<p>\u201cPara solicitar su ayuda para que le comuniquen a las autoridades de Coatepec, del ayuntamiento, a ver si nos hacen favor de mandar los carros de basura ac\u00e1 a Mahuixtl\u00e1n porque el lunes no trabajaron, fue d\u00eda festivo\u201d, expresaron.<\/p>\n\n\n\n<p>Sin embargo, el pasado 7 de febrero fue d\u00eda festivo, el personal de dicha \u00e1rea municipal no trabaj\u00f3 y desde entonces la basura permanece en las esquinas de las calles y afuera de las viviendas.<\/p>\n\n\n\n<p>Esta situaci\u00f3n se observa en la zona centro y en distintos puntos o colonias de la cabecera municipal.<\/p>\n\n\n\n<p>Los perros en situaci\u00f3n de calle han esparcido los desechos en busca de comida, ha estado lloviendo por los efectos del frente fr\u00edo n\u00famero 28 y, en ocasiones, esa basura tapa las alcantarillas, ocasionando encharcamientos.<\/p>\n\n\n\n<p>Por tal motivo, la gente solicit\u00f3 la intervenci\u00f3n de las autoridades municipales para que los camiones recolectores realicen su recorrido lo antes posible.<\/p>\n\n\n\n<p>\u201cEl cami\u00f3n ten\u00eda que pasar el lunes, ya estamos en mi\u00e9rcoles y no ha pasado, pero qu\u00e9 tal me cobraron el servicio de la basura en el predial, cuando en esta ocasi\u00f3n subi\u00f3 el predial m\u00e1s de 30 pesos. No se me hace justo que est\u00e9 pagando un servicio que no me est\u00e1n dando como corresponde\u201d, enfatizaron los pobladores.<\/p>\n","protected":false},"excerpt":{"rendered":"<p>Juan Arcos Coatepec, Ver.- Pobladores de Coatepec pidieron a las autoridades municipales que reactiven las rutas del servicio de recolecci\u00f3n de basura para evitar problemas de contaminaci\u00f3n en el Pueblo M\u00e1gico. Las personas comentaron de manera an\u00f3nima que los camiones recogen los residuos s\u00f3lidos urbanos cada d\u00eda lunes, una vez por semana. \u201cPara solicitar su [&hellip;]<\/p>\n","protected":false},"author":1,"featured_media":23313,"comment_status":"open","ping_status":"open","sticky":false,"template":"","format":"standard","meta":{"_jetpack_memberships_contains_paid_content":false,"footnotes":""},"categories":[8],"tags":[],"class_list":["post-23312","post","type-post","status-publish","format-standard","has-post-thumbnail","hentry","category-region"],"jetpack_featured_media_url":"https:\/\/encuentroinformativo.com.mx\/wp-content\/uploads\/2022\/02\/AC83E7B5-4E8E-4E73-9297-8A1338E30873.jpeg","jetpack_sharing_enabled":true,"jetpack_likes_enabled":true,"amp_enabled":true,"_links":{"self":[{"href":"https:\/\/encuentroinformativo.com.mx\/index.php?rest_route=\/wp\/v2\/posts\/23312","targetHints":{"allow":["GET"]}}],"collection":[{"href":"https:\/\/encuentroinformativo.com.mx\/index.php?rest_route=\/wp\/v2\/posts"}],"about":[{"href":"https:\/\/encuentroinformativo.com.mx\/index.php?rest_route=\/wp\/v2\/types\/post"}],"author":[{"embeddable":true,"href":"https:\/\/encuentroinformativo.com.mx\/index.php?rest_route=\/wp\/v2\/users\/1"}],"replies":[{"embeddable":true,"href":"https:\/\/encuentroinformativo.com.mx\/index.php?rest_route=%2Fwp%2Fv2%2Fcomments&post=23312"}],"version-history":[{"count":1,"href":"https:\/\/encuentroinformativo.com.mx\/index.php?rest_route=\/wp\/v2\/posts\/23312\/revisions"}],"predecessor-version":[{"id":23314,"href":"https:\/\/encuentroinformativo.com.mx\/index.php?rest_route=\/wp\/v2\/posts\/23312\/revisions\/23314"}],"wp:featuredmedia":[{"embeddable":true,"href":"https:\/\/encuentroinformativo.com.mx\/index.php?rest_route=\/wp\/v2\/media\/23313"}],"wp:attachment":[{"href":"https:\/\/encuentroinformativo.com.mx\/index.php?rest_route=%2Fwp%2Fv2%2Fmedia&parent=23312"}],"wp:term":[{"taxonomy":"category","embeddable":true,"href":"https:\/\/encuentroinformativo.com.mx\/index.php?rest_route=%2Fwp%2Fv2%2Fcategories&post=23312"},{"taxonomy":"post_tag","embeddable":true,"href":"https:\/\/encuentroinformativo.com.mx\/index.php?rest_route=%2Fwp%2Fv2%2Ftags&post=23312"}],"curies":[{"name":"wp","href":"https:\/\/api.w.org\/{rel}","templated":true}]}}