{"id":23315,"date":"2022-02-09T12:46:23","date_gmt":"2022-02-09T18:46:23","guid":{"rendered":"https:\/\/encuentroinformativo.com.mx\/?p=23315"},"modified":"2022-02-09T12:46:27","modified_gmt":"2022-02-09T18:46:27","slug":"ante-la-crisis-cierran-empresas-de-canacintra","status":"publish","type":"post","link":"https:\/\/encuentroinformativo.com.mx\/?p=23315","title":{"rendered":"Ante la crisis, cierran empresas de Canacintra"},"content":{"rendered":"\n<p><strong>Juan Arcos<\/strong><\/p>\n\n\n\n<p>Xalapa, Ver.- El cinco por ciento de las empresas afiliadas a la C\u00e1mara Nacional de la Industria de Transformaci\u00f3n (Canacintra) en Veracruz cerraron sus puertas por la crisis financiera derivada de la pandemia por Sars-Cov2 (Covid-19).<\/p>\n\n\n\n<p>De acuerdo con el vicepresidente nacional de Canacintra, Juan Manuel Garc\u00eda Gonz\u00e1lez, hay preocupaci\u00f3n en las ocho delegaciones del estado, incluyendo la de Xalapa, debido a que la cuesta de enero podr\u00eda prolongarse hasta marzo.<\/p>\n\n\n\n<p>El entrevistado mencion\u00f3 que han incrementado los precios de las materias primas, pues baj\u00f3 la producci\u00f3n de las mismas en China.<\/p>\n\n\n\n<p>\u201cEl valor de los contenedores en todo el mundo ha subido casi 600 por ciento. El tema de los industriales es un tema complejo, complicado, pero hasta el d\u00eda de hoy hemos mantenido la planta productiva dentro del total de la c\u00e1mara. Hemos cerrado muy pocas empresas de Canacintra, yo creo que es menos del cinco por ciento de las empresas que se han cerrado en Canacintra\u201d, expres\u00f3.<\/p>\n\n\n\n<p>Las empresas que cerraron sus puertas son peque\u00f1as manufactureras, cuyo flujo de efectivo no les ha permitido continuar su actividad.<\/p>\n\n\n\n<p>\u201cSon peque\u00f1as y micro empresas que no han aguantado esta crisis. Son sectores muy diversos los que han tenido problemas para subsistir en todo el pa\u00eds\u201d, a\u00f1adi\u00f3.<\/p>\n\n\n\n<p>Garc\u00eda Gonz\u00e1lez enfatiz\u00f3 que han cerrado maquiladoras en Tijuana, Veracruz y en diversas regiones de la Rep\u00fablica Mexicana, derivado de la crisis mencionada.<\/p>\n\n\n\n<p>\u201cEsto se ve reflejado las peque\u00f1as fondas en todo lo que son servicios conexos, que han tenido que cerrar\u201d, agreg\u00f3.<\/p>\n\n\n\n<p>El Vicepresidente de Canacintra detall\u00f3 que la cuesta de enero a\u00fan no ha pasado y las empresas contin\u00faan resintiendo dicha situaci\u00f3n econ\u00f3mica.<\/p>\n\n\n\n<p>\u201cEstamos en el sufrimiento del t\u00e9rmino del mes de enero, esperamos que los pedidos empiecen a caminar mejor, que el Gobierno tenga mayor participaci\u00f3n\u201d, remat\u00f3.<\/p>\n","protected":false},"excerpt":{"rendered":"<p>Juan Arcos Xalapa, Ver.- El cinco por ciento de las empresas afiliadas a la C\u00e1mara Nacional de la Industria de Transformaci\u00f3n (Canacintra) en Veracruz cerraron sus puertas por la crisis financiera derivada de la pandemia por Sars-Cov2 (Covid-19). De acuerdo con el vicepresidente nacional de Canacintra, Juan Manuel Garc\u00eda Gonz\u00e1lez, hay preocupaci\u00f3n en las ocho [&hellip;]<\/p>\n","protected":false},"author":1,"featured_media":23316,"comment_status":"open","ping_status":"open","sticky":false,"template":"","format":"standard","meta":{"_jetpack_memberships_contains_paid_content":false,"footnotes":""},"categories":[3],"tags":[],"class_list":["post-23315","post","type-post","status-publish","format-standard","has-post-thumbnail","hentry","category-xalapa"],"jetpack_featured_media_url":"https:\/\/encuentroinformativo.com.mx\/wp-content\/uploads\/2022\/02\/CDB53AB3-5DC2-4CBF-A947-85893BCCB0A2.jpeg","jetpack_sharing_enabled":true,"jetpack_likes_enabled":true,"amp_enabled":true,"_links":{"self":[{"href":"https:\/\/encuentroinformativo.com.mx\/index.php?rest_route=\/wp\/v2\/posts\/23315","targetHints":{"allow":["GET"]}}],"collection":[{"href":"https:\/\/encuentroinformativo.com.mx\/index.php?rest_route=\/wp\/v2\/posts"}],"about":[{"href":"https:\/\/encuentroinformativo.com.mx\/index.php?rest_route=\/wp\/v2\/types\/post"}],"author":[{"embeddable":true,"href":"https:\/\/encuentroinformativo.com.mx\/index.php?rest_route=\/wp\/v2\/users\/1"}],"replies":[{"embeddable":true,"href":"https:\/\/encuentroinformativo.com.mx\/index.php?rest_route=%2Fwp%2Fv2%2Fcomments&post=23315"}],"version-history":[{"count":1,"href":"https:\/\/encuentroinformativo.com.mx\/index.php?rest_route=\/wp\/v2\/posts\/23315\/revisions"}],"predecessor-version":[{"id":23317,"href":"https:\/\/encuentroinformativo.com.mx\/index.php?rest_route=\/wp\/v2\/posts\/23315\/revisions\/23317"}],"wp:featuredmedia":[{"embeddable":true,"href":"https:\/\/encuentroinformativo.com.mx\/index.php?rest_route=\/wp\/v2\/media\/23316"}],"wp:attachment":[{"href":"https:\/\/encuentroinformativo.com.mx\/index.php?rest_route=%2Fwp%2Fv2%2Fmedia&parent=23315"}],"wp:term":[{"taxonomy":"category","embeddable":true,"href":"https:\/\/encuentroinformativo.com.mx\/index.php?rest_route=%2Fwp%2Fv2%2Fcategories&post=23315"},{"taxonomy":"post_tag","embeddable":true,"href":"https:\/\/encuentroinformativo.com.mx\/index.php?rest_route=%2Fwp%2Fv2%2Ftags&post=23315"}],"curies":[{"name":"wp","href":"https:\/\/api.w.org\/{rel}","templated":true}]}}