{"id":23321,"date":"2022-02-09T12:54:19","date_gmt":"2022-02-09T18:54:19","guid":{"rendered":"https:\/\/encuentroinformativo.com.mx\/?p=23321"},"modified":"2022-02-09T12:54:23","modified_gmt":"2022-02-09T18:54:23","slug":"justifica-ayuntamiento-falta-de-recoleccion-nos-dejaron-vehiculos-inservibles-afirman","status":"publish","type":"post","link":"https:\/\/encuentroinformativo.com.mx\/?p=23321","title":{"rendered":"Justifica Ayuntamiento falta de recolecci\u00f3n; nos dejaron veh\u00edculos inservibles, afirman"},"content":{"rendered":"\n<p><strong>Juan Arcos<\/strong><\/p>\n\n\n\n<p>Coatepec, Ver.- La pasada administraci\u00f3n municipal de Coatepec, que encabez\u00f3 Luis Enrique Fern\u00e1ndez Peredo, dej\u00f3 los camiones recolectores de basura \u201cinservibles\u201d y dicha situaci\u00f3n ha entorpecido el servicio en los \u00faltimos d\u00edas.<\/p>\n\n\n\n<p>De acuerdo con Jes\u00fas Trujillo G\u00f3mez, director de Servicios Municipales en el ayuntamiento de Coatepec, el municipio contaba con siete unidades compactadoras y una camioneta de 3.5 toneladas, pero tres unidades se descompusieron desde el gobierno anterior.<\/p>\n\n\n\n<p>\u201cNos las dejaron mec\u00e1nicamente en muy mal estado, inservibles podr\u00eda decirse, lo veh\u00edculos est\u00e1n mal lamentablemente de todo el sistema hidr\u00e1ulico y todos est\u00e1n as\u00ed\u201d, expres\u00f3.<\/p>\n\n\n\n<p>El funcionario municipal record\u00f3 que el servicio de recolecci\u00f3n en el Pueblo M\u00e1gico se realizaba dos veces por semana, pero despu\u00e9s de que se averiaron las unidades, las autoridades pasadas pusieron el pretexto de la pandemia por Sars-Cov2 (Covid-19) y, desde entonces, los camiones solo pasan una vez por semana.<\/p>\n\n\n\n<p>\u201cLa realidad era que los veh\u00edculos descompuestos ya no los mandaron a reparaci\u00f3n con el mec\u00e1nico, esa fue la excusa para ellos, dicen: ya no los mandamos (camiones), tomamos de pretexto la pandemia y nada m\u00e1s pasamos una vez por semana\u201d, enfatiz\u00f3.<\/p>\n\n\n\n<p>El entrevistado mencion\u00f3 que tambi\u00e9n las condiciones del clima han impedido a los trabajadores de recolecci\u00f3n de basura llevar a cabo sus actividades.<\/p>\n\n\n\n<p>Tras las quejas ciudadanas por la falta de recolecci\u00f3n desde el lunes pasado, Trujillo G\u00f3mez asegur\u00f3 que este mi\u00e9rcoles 9 de febrero se reanudaron las rutas debido a que las condiciones del clima lo permitieron.<\/p>\n\n\n\n<p>\u201cPor la lluvia, exactamente. Somos seres humanos, independientemente de que sean personas sindicalizadas, tambi\u00e9n entendemos que en d\u00eda de lluvia ellos tambi\u00e9n peligran en su salud y debemos tener humanidad y resguardarlos. Ya estamos trabajando en restablecer las rutas de recolecci\u00f3n\u201d.<\/p>\n\n\n\n<p>El Director de Servicios Municipales dijo que, a m\u00e1s tardar el fin de semana, podr\u00eda normalizarse el servicio correspondiente.<\/p>\n\n\n\n<p>\u201cHoy ya se est\u00e1n recolectando los residuos pero tenemos atrasadas todas las localidades\u201d, expres\u00f3.<\/p>\n\n\n\n<p>Se estima que en el municipio de Coatepec se generan cerca de 93 mil toneladas de basura al d\u00eda.<\/p>\n","protected":false},"excerpt":{"rendered":"<p>Juan Arcos Coatepec, Ver.- La pasada administraci\u00f3n municipal de Coatepec, que encabez\u00f3 Luis Enrique Fern\u00e1ndez Peredo, dej\u00f3 los camiones recolectores de basura \u201cinservibles\u201d y dicha situaci\u00f3n ha entorpecido el servicio en los \u00faltimos d\u00edas. De acuerdo con Jes\u00fas Trujillo G\u00f3mez, director de Servicios Municipales en el ayuntamiento de Coatepec, el municipio contaba con siete unidades [&hellip;]<\/p>\n","protected":false},"author":1,"featured_media":23322,"comment_status":"open","ping_status":"open","sticky":false,"template":"","format":"standard","meta":{"_jetpack_memberships_contains_paid_content":false,"footnotes":""},"categories":[8],"tags":[],"class_list":["post-23321","post","type-post","status-publish","format-standard","has-post-thumbnail","hentry","category-region"],"jetpack_featured_media_url":"https:\/\/encuentroinformativo.com.mx\/wp-content\/uploads\/2022\/02\/55DBB6A1-B98B-49F0-B19B-D63A231B1D5A.jpeg","jetpack_sharing_enabled":true,"jetpack_likes_enabled":true,"amp_enabled":true,"_links":{"self":[{"href":"https:\/\/encuentroinformativo.com.mx\/index.php?rest_route=\/wp\/v2\/posts\/23321","targetHints":{"allow":["GET"]}}],"collection":[{"href":"https:\/\/encuentroinformativo.com.mx\/index.php?rest_route=\/wp\/v2\/posts"}],"about":[{"href":"https:\/\/encuentroinformativo.com.mx\/index.php?rest_route=\/wp\/v2\/types\/post"}],"author":[{"embeddable":true,"href":"https:\/\/encuentroinformativo.com.mx\/index.php?rest_route=\/wp\/v2\/users\/1"}],"replies":[{"embeddable":true,"href":"https:\/\/encuentroinformativo.com.mx\/index.php?rest_route=%2Fwp%2Fv2%2Fcomments&post=23321"}],"version-history":[{"count":1,"href":"https:\/\/encuentroinformativo.com.mx\/index.php?rest_route=\/wp\/v2\/posts\/23321\/revisions"}],"predecessor-version":[{"id":23323,"href":"https:\/\/encuentroinformativo.com.mx\/index.php?rest_route=\/wp\/v2\/posts\/23321\/revisions\/23323"}],"wp:featuredmedia":[{"embeddable":true,"href":"https:\/\/encuentroinformativo.com.mx\/index.php?rest_route=\/wp\/v2\/media\/23322"}],"wp:attachment":[{"href":"https:\/\/encuentroinformativo.com.mx\/index.php?rest_route=%2Fwp%2Fv2%2Fmedia&parent=23321"}],"wp:term":[{"taxonomy":"category","embeddable":true,"href":"https:\/\/encuentroinformativo.com.mx\/index.php?rest_route=%2Fwp%2Fv2%2Fcategories&post=23321"},{"taxonomy":"post_tag","embeddable":true,"href":"https:\/\/encuentroinformativo.com.mx\/index.php?rest_route=%2Fwp%2Fv2%2Ftags&post=23321"}],"curies":[{"name":"wp","href":"https:\/\/api.w.org\/{rel}","templated":true}]}}