{"id":23332,"date":"2022-02-09T17:01:32","date_gmt":"2022-02-09T23:01:32","guid":{"rendered":"https:\/\/encuentroinformativo.com.mx\/?p=23332"},"modified":"2022-02-09T17:01:35","modified_gmt":"2022-02-09T23:01:35","slug":"derogar-ultrajes-negocio-para-abogados-afirma-gobernador","status":"publish","type":"post","link":"https:\/\/encuentroinformativo.com.mx\/?p=23332","title":{"rendered":"Derogar ultrajes, negocio para abogados; afirma Gobernador"},"content":{"rendered":"\n<p><strong>Dar\u00edo Pale<\/strong><\/p>\n\n\n\n<p>Xalapa, Ver.- El gobernador de Veracruz Cuitl\u00e1huac Garc\u00eda Jim\u00e9nez dio a conocer que de los mil 33 detenidos por ultrajes, 525 son lugartenientes de la delincuencia organizada, y con la derogaci\u00f3n del delito de ultrajes ser\u00e1 negocio para barras de abogados.<\/p>\n\n\n\n<p>En conferencia de prensa realizada en la sala de Banderas de Palacio de Gobierno, se\u00f1al\u00f3 que, as\u00ed como han detenido a 40 jefes de plaza por el delito de ultrajes a la autoridad, tambi\u00e9n est\u00e1n detenidos 525 lugartenientes de la delincuencia organizada.<\/p>\n\n\n\n<p>Se\u00f1al\u00f3 que una madre siempre va a defender a su hijo, aunque este sea miembro del cr\u00edmen organizado, ello en respuesta a la pregunta sobre inconformidades llevadas a cabo por algunos familiares y expresiones de barras y colegios de abogados.<\/p>\n\n\n\n<p>&#8220;\u00bfYa por eso vamos a derogar el delito de ultrajes?.. por el delito hay mil 33 personas, pero no fueron detenciones solamente con orden de aprehensi\u00f3n, fueron detenciones en flagrancia, fueron determinaciones de un juez para detener por este delito y no s\u00f3lo lo hizo la Secretar\u00eda de Seguridad P\u00fablica y solamente la Fiscal\u00eda&#8221;, afirm\u00f3.<\/p>\n\n\n\n<p>\u201cLo hicieron Guard\u00eda Nacional que tambi\u00e9n tiene esta funci\u00f3n, ministeriales, en fin, o sea, varios tienen la atribuci\u00f3n de realizar una detenci\u00f3n&#8221;, agreg\u00f3.<\/p>\n\n\n\n<p>El Ejecutivo asegur\u00f3 que con la derogaci\u00f3n del delito, habr\u00e1 un &#8220;gran&#8221; negocio para las barras de abogados porque ofrecer\u00e1n sus servicios y es que afirm\u00f3, hay quien no tiene \u00e9tica y que buscar\u00e1 liberar a presuntos delincuentes.<\/p>\n\n\n\n<p>Puntualiz\u00f3 que de los mil 33 detenidos por ese tipo penal, m\u00e1s de la mitad ya est\u00e1n vinculados a proceso, otros pudieron haber quedado en libertad,por lo que el ejecutivo \u00a0refiri\u00f3 nuevamente que algunos de los que protestaron el pasado 5 de febrero en Plaza Lerdo fueron los legisladores que aprobaron el delito.<\/p>\n\n\n\n<p>Finalmente cabe se\u00f1alar que Garc\u00eda Jim\u00e9nez se enfrasc\u00f3 en una discusi\u00f3n con una reportera por cuestionar sobre las barras de abogados que han afirmado que el delito es violatorio de los derechos humanos y es que no se le dieron nombres de abogados o barras y colegios de abogados que sostienen esta postura, dato que el mandatario exigi\u00f3 a la comunicadora. <\/p>\n","protected":false},"excerpt":{"rendered":"<p>Dar\u00edo Pale Xalapa, Ver.- El gobernador de Veracruz Cuitl\u00e1huac Garc\u00eda Jim\u00e9nez dio a conocer que de los mil 33 detenidos por ultrajes, 525 son lugartenientes de la delincuencia organizada, y con la derogaci\u00f3n del delito de ultrajes ser\u00e1 negocio para barras de abogados. En conferencia de prensa realizada en la sala de Banderas de Palacio [&hellip;]<\/p>\n","protected":false},"author":1,"featured_media":23333,"comment_status":"open","ping_status":"open","sticky":false,"template":"","format":"standard","meta":{"_jetpack_memberships_contains_paid_content":false,"footnotes":""},"categories":[2],"tags":[],"class_list":["post-23332","post","type-post","status-publish","format-standard","has-post-thumbnail","hentry","category-estado"],"jetpack_featured_media_url":"https:\/\/encuentroinformativo.com.mx\/wp-content\/uploads\/2022\/02\/83D31A1F-C1FC-4049-9FE8-DD8B479DD66B.jpeg","jetpack_sharing_enabled":true,"jetpack_likes_enabled":true,"amp_enabled":true,"_links":{"self":[{"href":"https:\/\/encuentroinformativo.com.mx\/index.php?rest_route=\/wp\/v2\/posts\/23332","targetHints":{"allow":["GET"]}}],"collection":[{"href":"https:\/\/encuentroinformativo.com.mx\/index.php?rest_route=\/wp\/v2\/posts"}],"about":[{"href":"https:\/\/encuentroinformativo.com.mx\/index.php?rest_route=\/wp\/v2\/types\/post"}],"author":[{"embeddable":true,"href":"https:\/\/encuentroinformativo.com.mx\/index.php?rest_route=\/wp\/v2\/users\/1"}],"replies":[{"embeddable":true,"href":"https:\/\/encuentroinformativo.com.mx\/index.php?rest_route=%2Fwp%2Fv2%2Fcomments&post=23332"}],"version-history":[{"count":1,"href":"https:\/\/encuentroinformativo.com.mx\/index.php?rest_route=\/wp\/v2\/posts\/23332\/revisions"}],"predecessor-version":[{"id":23334,"href":"https:\/\/encuentroinformativo.com.mx\/index.php?rest_route=\/wp\/v2\/posts\/23332\/revisions\/23334"}],"wp:featuredmedia":[{"embeddable":true,"href":"https:\/\/encuentroinformativo.com.mx\/index.php?rest_route=\/wp\/v2\/media\/23333"}],"wp:attachment":[{"href":"https:\/\/encuentroinformativo.com.mx\/index.php?rest_route=%2Fwp%2Fv2%2Fmedia&parent=23332"}],"wp:term":[{"taxonomy":"category","embeddable":true,"href":"https:\/\/encuentroinformativo.com.mx\/index.php?rest_route=%2Fwp%2Fv2%2Fcategories&post=23332"},{"taxonomy":"post_tag","embeddable":true,"href":"https:\/\/encuentroinformativo.com.mx\/index.php?rest_route=%2Fwp%2Fv2%2Ftags&post=23332"}],"curies":[{"name":"wp","href":"https:\/\/api.w.org\/{rel}","templated":true}]}}