{"id":23343,"date":"2022-02-09T16:59:42","date_gmt":"2022-02-09T22:59:42","guid":{"rendered":"https:\/\/encuentroinformativo.com.mx\/?p=23343"},"modified":"2022-02-10T12:02:04","modified_gmt":"2022-02-10T18:02:04","slug":"restringen-acceso-al-cofre-de-perote","status":"publish","type":"post","link":"https:\/\/encuentroinformativo.com.mx\/?p=23343","title":{"rendered":"Restringen acceso al Cofre de Perote"},"content":{"rendered":"\n<p><strong>Juan Arcos<\/strong><\/p>\n\n\n\n<p>Xalapa, Ver.- Autoridades municipales y estatales de Protecci\u00f3n Civil en Veracruz restringieron el acceso al Parque Nacional Cofre de Perote para prevenir accidentes tras las recientes nevadas que se han registrado en la zona.<\/p>\n\n\n\n<p>La Direcci\u00f3n de Protecci\u00f3n Civil de Perote report\u00f3 la sexta nevada y la m\u00e1s pronunciada en la zona, en lo que va de esta temporada invernal 2021-2022.<\/p>\n\n\n\n<p>De acuerdo con Ernesto Bello Loranca, director de PC en Perote, se busca evitar riesgos para la poblaci\u00f3n que acude al atractivo tur\u00edstico, pues la nieve alcanz\u00f3 una altura de 25 cent\u00edmetros.<\/p>\n\n\n\n<p>Lo anterior dificulta que los veh\u00edculos y camionetas ingresen al parque nacional. Por ello, se determin\u00f3 prohibir el acceso, pues la nieve representa un riesgo y podr\u00eda ocasionar un accidente.<\/p>\n\n\n\n<p>El funcionario municipal detall\u00f3 que el camino es complicado desde la madrugada del martes, cuando personal de Protecci\u00f3n Civil subi\u00f3 la monta\u00f1a para rescatar del fr\u00edo a cuatro j\u00f3venes que no lograron descender en una camioneta.<\/p>\n\n\n\n<p>\u201cMi camioneta no logr\u00f3 subir ayer (martes), subimos a rescatar unas personas en la madrugada, no pudieron bajar con una camioneta tracci\u00f3n cuatro por cuatro, no hay acceso en veh\u00edculo, no se permitir\u00e1 el acceso en veh\u00edculo\u201d, expres\u00f3.<\/p>\n\n\n\n<p>El Director de Protecci\u00f3n Civil enfatiz\u00f3 que el acceso al Cofre de Perote estar\u00e1 restringido de este mi\u00e9rcoles hasta el 14 de febrero.<\/p>\n\n\n\n<p>\u201cNo cerramos el acceso porque no queramos que visiten la pe\u00f1a, este hermoso lugar, es por seguridad de las personas, hay quienes se molestan, pero no es por capricho ni del estado, ni nuestro, es por su seguridad\u201d, destac\u00f3.<\/p>\n\n\n\n<p>Las autoridades municipales se coordinan con la Secretar\u00eda de Protecci\u00f3n Civil y la Comisi\u00f3n Nacional de \u00c1reas Naturales Protegidas para atender cualquier situaci\u00f3n que se presente.<\/p>\n","protected":false},"excerpt":{"rendered":"<p>Juan Arcos Xalapa, Ver.- Autoridades municipales y estatales de Protecci\u00f3n Civil en Veracruz restringieron el acceso al Parque Nacional Cofre de Perote para prevenir accidentes tras las recientes nevadas que se han registrado en la zona. La Direcci\u00f3n de Protecci\u00f3n Civil de Perote report\u00f3 la sexta nevada y la m\u00e1s pronunciada en la zona, en [&hellip;]<\/p>\n","protected":false},"author":1,"featured_media":23344,"comment_status":"open","ping_status":"open","sticky":false,"template":"","format":"standard","meta":{"_jetpack_memberships_contains_paid_content":false,"footnotes":""},"categories":[8],"tags":[],"class_list":["post-23343","post","type-post","status-publish","format-standard","has-post-thumbnail","hentry","category-region"],"jetpack_featured_media_url":"https:\/\/encuentroinformativo.com.mx\/wp-content\/uploads\/2022\/02\/5D6D2421-2DB6-4170-91E3-59FE03FCBC17.jpeg","jetpack_sharing_enabled":true,"jetpack_likes_enabled":true,"amp_enabled":true,"_links":{"self":[{"href":"https:\/\/encuentroinformativo.com.mx\/index.php?rest_route=\/wp\/v2\/posts\/23343","targetHints":{"allow":["GET"]}}],"collection":[{"href":"https:\/\/encuentroinformativo.com.mx\/index.php?rest_route=\/wp\/v2\/posts"}],"about":[{"href":"https:\/\/encuentroinformativo.com.mx\/index.php?rest_route=\/wp\/v2\/types\/post"}],"author":[{"embeddable":true,"href":"https:\/\/encuentroinformativo.com.mx\/index.php?rest_route=\/wp\/v2\/users\/1"}],"replies":[{"embeddable":true,"href":"https:\/\/encuentroinformativo.com.mx\/index.php?rest_route=%2Fwp%2Fv2%2Fcomments&post=23343"}],"version-history":[{"count":1,"href":"https:\/\/encuentroinformativo.com.mx\/index.php?rest_route=\/wp\/v2\/posts\/23343\/revisions"}],"predecessor-version":[{"id":23345,"href":"https:\/\/encuentroinformativo.com.mx\/index.php?rest_route=\/wp\/v2\/posts\/23343\/revisions\/23345"}],"wp:featuredmedia":[{"embeddable":true,"href":"https:\/\/encuentroinformativo.com.mx\/index.php?rest_route=\/wp\/v2\/media\/23344"}],"wp:attachment":[{"href":"https:\/\/encuentroinformativo.com.mx\/index.php?rest_route=%2Fwp%2Fv2%2Fmedia&parent=23343"}],"wp:term":[{"taxonomy":"category","embeddable":true,"href":"https:\/\/encuentroinformativo.com.mx\/index.php?rest_route=%2Fwp%2Fv2%2Fcategories&post=23343"},{"taxonomy":"post_tag","embeddable":true,"href":"https:\/\/encuentroinformativo.com.mx\/index.php?rest_route=%2Fwp%2Fv2%2Ftags&post=23343"}],"curies":[{"name":"wp","href":"https:\/\/api.w.org\/{rel}","templated":true}]}}