{"id":23346,"date":"2022-02-10T13:26:21","date_gmt":"2022-02-10T19:26:21","guid":{"rendered":"https:\/\/encuentroinformativo.com.mx\/?p=23346"},"modified":"2022-02-10T13:26:24","modified_gmt":"2022-02-10T19:26:24","slug":"siguen-investigaciones-a-mi-antecesor-cuitlahuac","status":"publish","type":"post","link":"https:\/\/encuentroinformativo.com.mx\/?p=23346","title":{"rendered":"Siguen investigaciones a mi antecesor: Cuitl\u00e1huac"},"content":{"rendered":"\n<p><strong>Dar\u00edo Pale<\/strong><\/p>\n\n\n\n<p>Xalapa, Ver.- El gobernador del estado Cuitl\u00e1huac Garc\u00eda Jim\u00e9nez dio a conocer que contin\u00faan las \u00a0investigaciones contra Yunes Linares en la Fiscal\u00eda General de la Rep\u00fablica (FGR), adem\u00e1s de que no recuper\u00f3 las propiedades que tanto presumi\u00f3, adem\u00e1s coment\u00f3 que no hay inter\u00e9s de sus funcionarios en la sucesi\u00f3n gubernamental.<\/p>\n\n\n\n<p>Entrevistado en un canal estatal de televisi\u00f3n, neg\u00f3 que hasta este momento se haya requerido informaci\u00f3n por parte de la (FGR), sobre las denuncias contra el exgobernador Miguel \u00c1ngel Yunes Linares, por lo que record\u00f3 que acudi\u00f3 en diversas ocasiones ante la fiscalia y se entrevist\u00f3 con el fiscal general para saber si se daba continuidad contra el exmandatario.<\/p>\n\n\n\n<p>Le confirm\u00f3 que s\u00ed, que no se han cerrado y lo que anunci\u00f3 recientemente la Unidad de Inteligencia Financiera es precisamente la continuaci\u00f3n de esas carpetas de investigaci\u00f3n.<\/p>\n\n\n\n<p>\u201cNo, hasta ahora no (le han solicitado informaci\u00f3n), yo creo que ellos han recabado lo suficiente y adem\u00e1s tienen medios de conseguirla de manera directa a otras instancias que no pertenecen al gobierno del Estado&#8221;, se\u00f1al\u00f3.<\/p>\n\n\n\n<p>En otro orden de ideas, inform\u00f3 que el rancho Las Mesas, ubicado en Valle de Bravo se le qued\u00f3 a la Secretar\u00eda de la Defensa Nacional, por lo que contin\u00faa un litigio sobre una fracci\u00f3n de la propiedad por parte de un particular.<\/p>\n\n\n\n<p>Explic\u00f3 que la casa de Tlacotalpan fue una expropiaci\u00f3n por la que se pag\u00f3 una cantidad mucho menor de la que se estaba exigiendo, sin embargo, pregunt\u00f3 qu\u00e9 clase de expropiaci\u00f3n era cuando el Gobierno estatal tuvo que pagar por ello, &#8220;no es recuperaci\u00f3n de nada&#8221; como lo presumi\u00f3 el exgobernador.<\/p>\n\n\n\n<p>En tanto que el rancho El Faunito, ubicado en el municipio de R\u00edo Blanco, el Ejecutivo asegur\u00f3 que est\u00e1 en manos del Estado de manera total.<\/p>\n\n\n\n<p>\u201cS\u00ed se tienen algunas escrituras a favor del gobierno del Estado, s\u00f3lo se tienen que litigar algunos reclamos, pero result\u00f3 falso eso de que hab\u00edan recuperado las cosas, mal hecho, mal recuperado, nos hemos encargado en estos a\u00f1os de irlas dejando en manos del Estado&#8221;, indic\u00f3.<\/p>\n\n\n\n<p>Por otra parte, reiter\u00f3 que siguen en pie las denuncias contra exfuncionarios de la pasada administraci\u00f3n por el presunto desv\u00edo de recursos.<\/p>\n\n\n\n<p>&#8220;Tenemos m\u00e1s de 200 denuncias ante la Fiscal\u00eda Anticorrupci\u00f3n, primero que se tuvo que hacer todos estos tr\u00e1mites ante los \u00f3rganos fiscalizadores y posteriormente ante el presunto da\u00f1o patrimonial o presunto fraude o presunto abuso de poder, ante las fiscal\u00edas correspondientes&#8221;, a\u00f1adi\u00f3.<\/p>\n\n\n\n<p>No descart\u00f3 en que habr\u00e1 justicia y es que, reiter\u00f3 que son tr\u00e1mites lentos toda vez que armaron, en el pasado, todo un sistema como para no poder castigar ese delito y que los presuntos responsables se pudieran presentar ante la justicia.<\/p>\n","protected":false},"excerpt":{"rendered":"<p>Dar\u00edo Pale Xalapa, Ver.- El gobernador del estado Cuitl\u00e1huac Garc\u00eda Jim\u00e9nez dio a conocer que contin\u00faan las \u00a0investigaciones contra Yunes Linares en la Fiscal\u00eda General de la Rep\u00fablica (FGR), adem\u00e1s de que no recuper\u00f3 las propiedades que tanto presumi\u00f3, adem\u00e1s coment\u00f3 que no hay inter\u00e9s de sus funcionarios en la sucesi\u00f3n gubernamental. Entrevistado en un [&hellip;]<\/p>\n","protected":false},"author":1,"featured_media":5858,"comment_status":"open","ping_status":"open","sticky":false,"template":"","format":"standard","meta":{"_jetpack_memberships_contains_paid_content":false,"footnotes":""},"categories":[2],"tags":[],"class_list":["post-23346","post","type-post","status-publish","format-standard","has-post-thumbnail","hentry","category-estado"],"jetpack_featured_media_url":"https:\/\/encuentroinformativo.com.mx\/wp-content\/uploads\/2020\/09\/8EA0325E-6E03-4ADE-8F9E-590DC54372F0.jpeg","jetpack_sharing_enabled":true,"jetpack_likes_enabled":true,"amp_enabled":true,"_links":{"self":[{"href":"https:\/\/encuentroinformativo.com.mx\/index.php?rest_route=\/wp\/v2\/posts\/23346","targetHints":{"allow":["GET"]}}],"collection":[{"href":"https:\/\/encuentroinformativo.com.mx\/index.php?rest_route=\/wp\/v2\/posts"}],"about":[{"href":"https:\/\/encuentroinformativo.com.mx\/index.php?rest_route=\/wp\/v2\/types\/post"}],"author":[{"embeddable":true,"href":"https:\/\/encuentroinformativo.com.mx\/index.php?rest_route=\/wp\/v2\/users\/1"}],"replies":[{"embeddable":true,"href":"https:\/\/encuentroinformativo.com.mx\/index.php?rest_route=%2Fwp%2Fv2%2Fcomments&post=23346"}],"version-history":[{"count":1,"href":"https:\/\/encuentroinformativo.com.mx\/index.php?rest_route=\/wp\/v2\/posts\/23346\/revisions"}],"predecessor-version":[{"id":23347,"href":"https:\/\/encuentroinformativo.com.mx\/index.php?rest_route=\/wp\/v2\/posts\/23346\/revisions\/23347"}],"wp:featuredmedia":[{"embeddable":true,"href":"https:\/\/encuentroinformativo.com.mx\/index.php?rest_route=\/wp\/v2\/media\/5858"}],"wp:attachment":[{"href":"https:\/\/encuentroinformativo.com.mx\/index.php?rest_route=%2Fwp%2Fv2%2Fmedia&parent=23346"}],"wp:term":[{"taxonomy":"category","embeddable":true,"href":"https:\/\/encuentroinformativo.com.mx\/index.php?rest_route=%2Fwp%2Fv2%2Fcategories&post=23346"},{"taxonomy":"post_tag","embeddable":true,"href":"https:\/\/encuentroinformativo.com.mx\/index.php?rest_route=%2Fwp%2Fv2%2Ftags&post=23346"}],"curies":[{"name":"wp","href":"https:\/\/api.w.org\/{rel}","templated":true}]}}