{"id":23356,"date":"2022-02-10T14:54:03","date_gmt":"2022-02-10T20:54:03","guid":{"rendered":"https:\/\/encuentroinformativo.com.mx\/?p=23356"},"modified":"2022-02-10T14:54:06","modified_gmt":"2022-02-10T20:54:06","slug":"alertan-meteorologos-por-estres-termico","status":"publish","type":"post","link":"https:\/\/encuentroinformativo.com.mx\/?p=23356","title":{"rendered":"Alertan meteor\u00f3logos por \u201cestr\u00e9s t\u00e9rmico\u201d"},"content":{"rendered":"\n<p><strong>Juan Arcos <\/strong><\/p>\n\n\n\n<p>Xalapa, Ver.- El estr\u00e9s t\u00e9rmico ocasionado por la exposici\u00f3n prolongada del cuerpo humano a temperaturas altas o bajas puede generar ansiedad y problemas psicol\u00f3gicos en la poblaci\u00f3n.<\/p>\n\n\n\n<p>As\u00ed lo revel\u00f3 el meteor\u00f3logo de la Secretar\u00eda de Protecci\u00f3n Civil, Jos\u00e9 Llanos Arias, quien a\u00f1adi\u00f3 que los cambios de humor repentinos pueden derivarse de dicho fen\u00f3meno.<\/p>\n\n\n\n<p>\u201cEl estr\u00e9s t\u00e9rmico se refiere a la exposici\u00f3n que el cuerpo humano puede tener al fr\u00edo o al calor, entre m\u00e1s d\u00edas de manera consecutiva estamos expuestos a temperaturas bajas y en algunos casos puede da\u00f1ar nuestra salud\u201d, detall\u00f3 el especialista.<\/p>\n\n\n\n<p>Tambi\u00e9n coment\u00f3 que en el estado ha pasado casi una semana de temperaturas bajas, mismas que podr\u00edan prolongarse otros tres d\u00edas.<\/p>\n\n\n\n<p>\u201cDesde el fin de semana hasta esta mitad de semana, tenemos el registro de temperaturas bajas, incluso, hemos estado observando que la diferencia entre la temperatura m\u00e1xima y la temperatura m\u00ednima ha sido muy poco y esto precisamente da una sensaci\u00f3n de fr\u00edo a\u00fan mayor\u201d, a\u00f1adi\u00f3.<\/p>\n\n\n\n<p>En ese sentido, el meteor\u00f3logo exhort\u00f3 a la poblaci\u00f3n a abrigarse correctamente y evitar exponerse a condiciones clim\u00e1ticas extremas.<\/p>\n\n\n\n<p>Tambi\u00e9n recomend\u00f3 a la gente que utilice m\u00e9todos seguros para regular su temperatura en sus viviendas y no someterse a cambios bruscos de temperatura.<\/p>\n\n\n\n<p>Llanos Arias mencion\u00f3 que las personas m\u00e1s propensas a padecer el estr\u00e9s t\u00e9rmico son aquellas que pasan varias horas consecutivas a la intemperie por cuestiones laborales.<\/p>\n\n\n\n<p>\u201cPedimos al p\u00fablico siempre salir muy bien abrigados, especialmente los que habitamos en zonas de monta\u00f1a\u201d, remat\u00f3.\u00a0<\/p>\n","protected":false},"excerpt":{"rendered":"<p>Juan Arcos Xalapa, Ver.- El estr\u00e9s t\u00e9rmico ocasionado por la exposici\u00f3n prolongada del cuerpo humano a temperaturas altas o bajas puede generar ansiedad y problemas psicol\u00f3gicos en la poblaci\u00f3n. As\u00ed lo revel\u00f3 el meteor\u00f3logo de la Secretar\u00eda de Protecci\u00f3n Civil, Jos\u00e9 Llanos Arias, quien a\u00f1adi\u00f3 que los cambios de humor repentinos pueden derivarse de dicho [&hellip;]<\/p>\n","protected":false},"author":1,"featured_media":23357,"comment_status":"open","ping_status":"open","sticky":false,"template":"","format":"standard","meta":{"_jetpack_memberships_contains_paid_content":false,"footnotes":""},"categories":[9],"tags":[],"class_list":["post-23356","post","type-post","status-publish","format-standard","has-post-thumbnail","hentry","category-salud"],"jetpack_featured_media_url":"https:\/\/encuentroinformativo.com.mx\/wp-content\/uploads\/2022\/02\/2EB793D2-2CEB-4B55-A1F6-7F9D8E8E93FE.jpeg","jetpack_sharing_enabled":true,"jetpack_likes_enabled":true,"amp_enabled":true,"_links":{"self":[{"href":"https:\/\/encuentroinformativo.com.mx\/index.php?rest_route=\/wp\/v2\/posts\/23356","targetHints":{"allow":["GET"]}}],"collection":[{"href":"https:\/\/encuentroinformativo.com.mx\/index.php?rest_route=\/wp\/v2\/posts"}],"about":[{"href":"https:\/\/encuentroinformativo.com.mx\/index.php?rest_route=\/wp\/v2\/types\/post"}],"author":[{"embeddable":true,"href":"https:\/\/encuentroinformativo.com.mx\/index.php?rest_route=\/wp\/v2\/users\/1"}],"replies":[{"embeddable":true,"href":"https:\/\/encuentroinformativo.com.mx\/index.php?rest_route=%2Fwp%2Fv2%2Fcomments&post=23356"}],"version-history":[{"count":1,"href":"https:\/\/encuentroinformativo.com.mx\/index.php?rest_route=\/wp\/v2\/posts\/23356\/revisions"}],"predecessor-version":[{"id":23358,"href":"https:\/\/encuentroinformativo.com.mx\/index.php?rest_route=\/wp\/v2\/posts\/23356\/revisions\/23358"}],"wp:featuredmedia":[{"embeddable":true,"href":"https:\/\/encuentroinformativo.com.mx\/index.php?rest_route=\/wp\/v2\/media\/23357"}],"wp:attachment":[{"href":"https:\/\/encuentroinformativo.com.mx\/index.php?rest_route=%2Fwp%2Fv2%2Fmedia&parent=23356"}],"wp:term":[{"taxonomy":"category","embeddable":true,"href":"https:\/\/encuentroinformativo.com.mx\/index.php?rest_route=%2Fwp%2Fv2%2Fcategories&post=23356"},{"taxonomy":"post_tag","embeddable":true,"href":"https:\/\/encuentroinformativo.com.mx\/index.php?rest_route=%2Fwp%2Fv2%2Ftags&post=23356"}],"curies":[{"name":"wp","href":"https:\/\/api.w.org\/{rel}","templated":true}]}}