{"id":23359,"date":"2022-02-10T15:17:35","date_gmt":"2022-02-10T21:17:35","guid":{"rendered":"https:\/\/encuentroinformativo.com.mx\/?p=23359"},"modified":"2022-02-10T15:17:39","modified_gmt":"2022-02-10T21:17:39","slug":"piden-incluir-la-oratoria-en-planes-de-estudio","status":"publish","type":"post","link":"https:\/\/encuentroinformativo.com.mx\/?p=23359","title":{"rendered":"Piden incluir la oratoria en planes de estudio"},"content":{"rendered":"\n<p><strong>Juan Arcos<\/strong><\/p>\n\n\n\n<p>Xalapa, Ver.- La oratoria debe ser incluida como una materia en los planes y programas de estudio en escuelas de educaci\u00f3n b\u00e1sica, consider\u00f3 el presidente del Consejo de Administraci\u00f3n de la Escuela Superior de Oratoria, Enrique Alberto Mendoza Filidor.<\/p>\n\n\n\n<p>El acad\u00e9mico indic\u00f3 que se ha hecho la propuesta en este monumento, debido a que est\u00e1 en proceso la reforma de la Ley General de Educaci\u00f3n.<\/p>\n\n\n\n<p>Se busca que las ni\u00f1as y ni\u00f1os puedan expresarse de mejor manera en p\u00fablico y adquieran habilidades en materia de comunicaci\u00f3n.<\/p>\n\n\n\n<p>\u201cLa oratoria no es meramente un concurso de oratoria, es de todos los d\u00edas, de c\u00f3mo me expreso\u201d, mencion\u00f3 en conferencia de prensa, realizada en el centro de la ciudad de Xalapa.<\/p>\n\n\n\n<p>Tambi\u00e9n present\u00f3 el Diplomado Virtual \u201cOratoria para el \u00e9xito profesional\u201d, a realizarse del 20 de febrero al 4 de septiembre de este a\u00f1o.<\/p>\n\n\n\n<p>Mendoza Filidor hizo el planteamiento formal para que sea incluida la oratoria en los programas educativos a la diputada local Lourdes Ju\u00e1rez Lara, titular de la Comisi\u00f3n Permanente de Educaci\u00f3n y Cultura de la LXVI Legislatura del Congreso del Estado.<\/p>\n\n\n\n<p>Tambi\u00e9n tuvo acercamiento con la subsecretaria de Educaci\u00f3n B\u00e1sica de la Secretar\u00eda de Educaci\u00f3n de Veracruz (SEV), Maritza Aguilar Ram\u00edrez, para la promoci\u00f3n de la oratoria en el tercer a\u00f1o de primaria como programa piloto.<\/p>\n\n\n\n<p>Los interesados en el diplomado pueden solicitar informes al n\u00famero telef\u00f3nico 22 82 87 10 12 o al correo electr\u00f3nico\u00a0<a rel=\"noreferrer noopener\" href=\"mailto:consejodirectivo@escuelasuperiordeoratoria.org\" target=\"_blank\">consejodirectivo@escuelasuperiordeoratoria.org<\/a>.<\/p>\n","protected":false},"excerpt":{"rendered":"<p>Juan Arcos Xalapa, Ver.- La oratoria debe ser incluida como una materia en los planes y programas de estudio en escuelas de educaci\u00f3n b\u00e1sica, consider\u00f3 el presidente del Consejo de Administraci\u00f3n de la Escuela Superior de Oratoria, Enrique Alberto Mendoza Filidor. El acad\u00e9mico indic\u00f3 que se ha hecho la propuesta en este monumento, debido a [&hellip;]<\/p>\n","protected":false},"author":1,"featured_media":23360,"comment_status":"open","ping_status":"open","sticky":false,"template":"","format":"standard","meta":{"_jetpack_memberships_contains_paid_content":false,"footnotes":""},"categories":[3],"tags":[],"class_list":["post-23359","post","type-post","status-publish","format-standard","has-post-thumbnail","hentry","category-xalapa"],"jetpack_featured_media_url":"https:\/\/encuentroinformativo.com.mx\/wp-content\/uploads\/2022\/02\/C3ED7DA7-2896-4602-94E9-F156AB6AEDD2.jpeg","jetpack_sharing_enabled":true,"jetpack_likes_enabled":true,"amp_enabled":true,"_links":{"self":[{"href":"https:\/\/encuentroinformativo.com.mx\/index.php?rest_route=\/wp\/v2\/posts\/23359","targetHints":{"allow":["GET"]}}],"collection":[{"href":"https:\/\/encuentroinformativo.com.mx\/index.php?rest_route=\/wp\/v2\/posts"}],"about":[{"href":"https:\/\/encuentroinformativo.com.mx\/index.php?rest_route=\/wp\/v2\/types\/post"}],"author":[{"embeddable":true,"href":"https:\/\/encuentroinformativo.com.mx\/index.php?rest_route=\/wp\/v2\/users\/1"}],"replies":[{"embeddable":true,"href":"https:\/\/encuentroinformativo.com.mx\/index.php?rest_route=%2Fwp%2Fv2%2Fcomments&post=23359"}],"version-history":[{"count":1,"href":"https:\/\/encuentroinformativo.com.mx\/index.php?rest_route=\/wp\/v2\/posts\/23359\/revisions"}],"predecessor-version":[{"id":23361,"href":"https:\/\/encuentroinformativo.com.mx\/index.php?rest_route=\/wp\/v2\/posts\/23359\/revisions\/23361"}],"wp:featuredmedia":[{"embeddable":true,"href":"https:\/\/encuentroinformativo.com.mx\/index.php?rest_route=\/wp\/v2\/media\/23360"}],"wp:attachment":[{"href":"https:\/\/encuentroinformativo.com.mx\/index.php?rest_route=%2Fwp%2Fv2%2Fmedia&parent=23359"}],"wp:term":[{"taxonomy":"category","embeddable":true,"href":"https:\/\/encuentroinformativo.com.mx\/index.php?rest_route=%2Fwp%2Fv2%2Fcategories&post=23359"},{"taxonomy":"post_tag","embeddable":true,"href":"https:\/\/encuentroinformativo.com.mx\/index.php?rest_route=%2Fwp%2Fv2%2Ftags&post=23359"}],"curies":[{"name":"wp","href":"https:\/\/api.w.org\/{rel}","templated":true}]}}