{"id":23381,"date":"2022-02-10T17:56:46","date_gmt":"2022-02-10T23:56:46","guid":{"rendered":"https:\/\/encuentroinformativo.com.mx\/?p=23381"},"modified":"2022-02-10T17:56:50","modified_gmt":"2022-02-10T23:56:50","slug":"retoman-platicas-para-regreso-de-tiburones-rojos","status":"publish","type":"post","link":"https:\/\/encuentroinformativo.com.mx\/?p=23381","title":{"rendered":"Retoman pl\u00e1ticas para regreso de Tiburones Rojos"},"content":{"rendered":"\n<p><strong>Alejandro \u00c1vila<\/strong><\/p>\n\n\n\n<p>Veracruz, Ver.- Dentro del programa &#8220;<em>A 8 Columnas<\/em>&#8221; de RTV, el gobernador del estado, Cuitl\u00e1huac Garc\u00eda Jim\u00e9nez, asegur\u00f3 que se retomaron las pl\u00e1ticas con un nuevo grupo de empresarios, para buscar el regreso del f\u00fatbol profesional a trav\u00e9s de los Tiburones Rojos de Veracruz.<\/p>\n\n\n\n<p>Sin abundar qui\u00e9n o qui\u00e9nes son los empresarios interesados, el Ejecutivo Estatal asegur\u00f3 que los posibles inversionistas est\u00e1n dispuestos a pagar las multas que tiene el equipo jarocho, con la Federaci\u00f3n Mexicana de F\u00fatbol (FMF).<\/p>\n\n\n\n<p>&#8220;Retomamos las pl\u00e1ticas con otro grupo de empresarios, que ellos dicen que si est\u00e1n dispuestos a pagar la multa de la Federaci\u00f3n y a resolver con la federaci\u00f3n algunas cuestiones que hay (\u2026) ahora lo que est\u00e1 es una multa por parte de la Federaci\u00f3n, y el hecho de que no se puede entrar en Primera Divisi\u00f3n&#8221;, resalt\u00f3.<\/p>\n\n\n\n<p>Garc\u00eda Jim\u00e9nez aclar\u00f3 qu\u00e9, el tema de Fidel Kuri Grajales est\u00e1 totalmente liquidado, por lo que el empresario orizabe\u00f1o nada tiene que ver con el equipo de f\u00fatbol, y Gobierno del Estado puede dialogar con cualquier grupo de inversionistas que est\u00e9 interesado en regresar el f\u00fatbol a la plaza de Veracruz.<\/p>\n\n\n\n<p>Finalmente, dijo que las condiciones del contrato que se har\u00eda con cualquier grupo inversionista son las mismas, entregar en comodato el estadio Luis de la Fuente &#8220;El Pirata&#8221;, el Centro de Alto Rendimiento (CAR); as\u00ed como el uso del nombre y logotipo.<\/p>\n","protected":false},"excerpt":{"rendered":"<p>Alejandro \u00c1vila Veracruz, Ver.- Dentro del programa &#8220;A 8 Columnas&#8221; de RTV, el gobernador del estado, Cuitl\u00e1huac Garc\u00eda Jim\u00e9nez, asegur\u00f3 que se retomaron las pl\u00e1ticas con un nuevo grupo de empresarios, para buscar el regreso del f\u00fatbol profesional a trav\u00e9s de los Tiburones Rojos de Veracruz. Sin abundar qui\u00e9n o qui\u00e9nes son los empresarios interesados, [&hellip;]<\/p>\n","protected":false},"author":1,"featured_media":8528,"comment_status":"open","ping_status":"open","sticky":false,"template":"","format":"standard","meta":{"_jetpack_memberships_contains_paid_content":false,"footnotes":""},"categories":[2],"tags":[],"class_list":["post-23381","post","type-post","status-publish","format-standard","has-post-thumbnail","hentry","category-estado"],"jetpack_featured_media_url":"https:\/\/encuentroinformativo.com.mx\/wp-content\/uploads\/2020\/11\/2B3CBEE6-6F6E-4469-86F7-D03D91C743BE.jpeg","jetpack_sharing_enabled":true,"jetpack_likes_enabled":true,"amp_enabled":true,"_links":{"self":[{"href":"https:\/\/encuentroinformativo.com.mx\/index.php?rest_route=\/wp\/v2\/posts\/23381","targetHints":{"allow":["GET"]}}],"collection":[{"href":"https:\/\/encuentroinformativo.com.mx\/index.php?rest_route=\/wp\/v2\/posts"}],"about":[{"href":"https:\/\/encuentroinformativo.com.mx\/index.php?rest_route=\/wp\/v2\/types\/post"}],"author":[{"embeddable":true,"href":"https:\/\/encuentroinformativo.com.mx\/index.php?rest_route=\/wp\/v2\/users\/1"}],"replies":[{"embeddable":true,"href":"https:\/\/encuentroinformativo.com.mx\/index.php?rest_route=%2Fwp%2Fv2%2Fcomments&post=23381"}],"version-history":[{"count":1,"href":"https:\/\/encuentroinformativo.com.mx\/index.php?rest_route=\/wp\/v2\/posts\/23381\/revisions"}],"predecessor-version":[{"id":23382,"href":"https:\/\/encuentroinformativo.com.mx\/index.php?rest_route=\/wp\/v2\/posts\/23381\/revisions\/23382"}],"wp:featuredmedia":[{"embeddable":true,"href":"https:\/\/encuentroinformativo.com.mx\/index.php?rest_route=\/wp\/v2\/media\/8528"}],"wp:attachment":[{"href":"https:\/\/encuentroinformativo.com.mx\/index.php?rest_route=%2Fwp%2Fv2%2Fmedia&parent=23381"}],"wp:term":[{"taxonomy":"category","embeddable":true,"href":"https:\/\/encuentroinformativo.com.mx\/index.php?rest_route=%2Fwp%2Fv2%2Fcategories&post=23381"},{"taxonomy":"post_tag","embeddable":true,"href":"https:\/\/encuentroinformativo.com.mx\/index.php?rest_route=%2Fwp%2Fv2%2Ftags&post=23381"}],"curies":[{"name":"wp","href":"https:\/\/api.w.org\/{rel}","templated":true}]}}