{"id":23385,"date":"2022-02-11T09:26:13","date_gmt":"2022-02-11T15:26:13","guid":{"rendered":"https:\/\/encuentroinformativo.com.mx\/?p=23385"},"modified":"2022-02-11T09:26:17","modified_gmt":"2022-02-11T15:26:17","slug":"veleidoso","status":"publish","type":"post","link":"https:\/\/encuentroinformativo.com.mx\/?p=23385","title":{"rendered":"Veleidoso"},"content":{"rendered":"\n<p><strong>Los Pol\u00edticos<\/strong><\/p>\n\n\n\n<p><strong>Salvador Mu\u00f1oz<\/strong><\/p>\n\n\n\n<p>Uno de los mayores temores que tengo a la hora de escribir, es ser monotem\u00e1tico\u2026 y as\u00ed, a veces, quisiera escribir de la Mam\u00e1 Fit aunque la realidad es m\u00e1s cruel y vemos que quienes m\u00e1s rechazan este tema son las \u201cMam\u00e1 Fat\u201d&#8230; o de esa rara sensaci\u00f3n que tienes cuando volteas y ves por ac\u00e1, a un diputade, ves por all\u00e1 un alcalde, y por acull\u00e1, hasta un Gobernadore, y te sientes grupo minoritario \u00a1y hasta con menos derechos!&#8230; o de las contradicciones de la tercera edad cuando ves por un lado a la actriz Ana Martin diciendo que a sus 75 a\u00f1os, si ve a un hombre desnudo, le da un infarto, porque hace 10 que dijo \u201cgood bye\u201d (imaginamos que al sexo) y as\u00ed es feliz, mientras que por otro, con 77 a\u00f1os de edad, Elba Esther Gordillo se casa con chavo de 36 a\u00f1os de edad y no hago m\u00e1s que celebrar que hay vida sexual despu\u00e9s de los 65 porque no creemos que la Maestra se haya casado para que la acompa\u00f1en, \u00bfde acuerdo? y as\u00ed, pudiera seguir poniendo m\u00e1s ejemplos para no caer en lo monotem\u00e1tico, pero ah\u00ed est\u00e1 Cuic, necio, insistente, aferrado, a hacer y decir tanta barrabasada, que por m\u00e1s que uno quiera, es inevitable hacerlo tema en el desayuno, en la comida, en la cena, en las redes, en whatsapp, en todos lados\u2026 en la columna\u2026<\/p>\n\n\n\n<p>Ojal\u00e1 uno pudiera hablar de los debates de altura que hace al discutir un tema, pero su ego (inflado cual totol) le hace creer que goza de una autoridad moral que roza en lo divino y no hay m\u00e1s razones v\u00e1lidas que la que \u00e9l sostiene.<\/p>\n\n\n\n<p>Es tan subjetivo, veleidoso, voluble, inestable,&nbsp; que da lugar a que se hable m\u00e1s de sus emociones, reacciones, deslices, que de su pol\u00edtica de Gobierno.<\/p>\n\n\n\n<p>O si habla de su Pol\u00edtica de Gobierno es para exponer una pobreza de conocimiento o lo limitado de sus alcances, lo que da lugar a pensar en lo f\u00e1cil que es posible ser Gobernador a estas alturas o como bien lo dijo alguna vez la magistrada Yolanda Casta\u00f1eda\u2026 no expongo la frase porque hacerlo ser\u00eda enaltecer el ascenso de Don Garc\u00eda\u2026<\/p>\n\n\n\n<p>Y si cre\u00edamos que no pod\u00eda haber algo peor que ser veleidoso y limitado, Cuitl\u00e1huac siempre encuentra la manera de sorprendernos: tambi\u00e9n es arrogante, prepotente, autoritario, majadero, incapaz de entender la mec\u00e1nica de la comunicaci\u00f3n, ni del lado de la prensa, ni del lado del funcionario\u2026 cualquiera creer\u00eda que se capacita viendo las respuestas de Eduardo Y\u00e1\u00f1ez, B\u00e1rbara Regil, Sergio Goyri, entre otros, sin ponerse a la altura de los medios y mucho menos de su investidura que la ha de entender como Embestidura\u2026<\/p>\n\n\n\n<p>Dice el amigo y compa\u00f1ero Iv\u00e1n Calder\u00f3n que le urge a Cuitl\u00e1huac un Vocero, alguien con tablas en el ejercicio del poder que entienda d\u00f3nde se est\u00e1 parado y dejar de ver el podium como un escenario de \u201cStand Up\u201d&#8230; yo difiero del amigo Calder\u00f3n: No es que Cuic necesite un Vocero\u2026 \u00a1Veracruz requiere de un Gobernador!<\/p>\n\n\n\n<p><a href=\"mailto:smcainito@gmail.com\" target=\"_blank\" rel=\"noreferrer noopener\">smcainito@gmail.com<\/a><\/p>\n","protected":false},"excerpt":{"rendered":"<p>Los Pol\u00edticos Salvador Mu\u00f1oz Uno de los mayores temores que tengo a la hora de escribir, es ser monotem\u00e1tico\u2026 y as\u00ed, a veces, quisiera escribir de la Mam\u00e1 Fit aunque la realidad es m\u00e1s cruel y vemos que quienes m\u00e1s rechazan este tema son las \u201cMam\u00e1 Fat\u201d&#8230; o de esa rara sensaci\u00f3n que tienes cuando [&hellip;]<\/p>\n","protected":false},"author":1,"featured_media":387,"comment_status":"open","ping_status":"open","sticky":false,"template":"","format":"standard","meta":{"_jetpack_memberships_contains_paid_content":false,"footnotes":""},"categories":[11],"tags":[],"class_list":["post-23385","post","type-post","status-publish","format-standard","has-post-thumbnail","hentry","category-opinion"],"jetpack_featured_media_url":"https:\/\/encuentroinformativo.com.mx\/wp-content\/uploads\/2020\/03\/7CF8A22B-2764-47BE-8F7F-38FE9E5D6A2F.jpeg","jetpack_sharing_enabled":true,"jetpack_likes_enabled":true,"amp_enabled":true,"_links":{"self":[{"href":"https:\/\/encuentroinformativo.com.mx\/index.php?rest_route=\/wp\/v2\/posts\/23385","targetHints":{"allow":["GET"]}}],"collection":[{"href":"https:\/\/encuentroinformativo.com.mx\/index.php?rest_route=\/wp\/v2\/posts"}],"about":[{"href":"https:\/\/encuentroinformativo.com.mx\/index.php?rest_route=\/wp\/v2\/types\/post"}],"author":[{"embeddable":true,"href":"https:\/\/encuentroinformativo.com.mx\/index.php?rest_route=\/wp\/v2\/users\/1"}],"replies":[{"embeddable":true,"href":"https:\/\/encuentroinformativo.com.mx\/index.php?rest_route=%2Fwp%2Fv2%2Fcomments&post=23385"}],"version-history":[{"count":1,"href":"https:\/\/encuentroinformativo.com.mx\/index.php?rest_route=\/wp\/v2\/posts\/23385\/revisions"}],"predecessor-version":[{"id":23386,"href":"https:\/\/encuentroinformativo.com.mx\/index.php?rest_route=\/wp\/v2\/posts\/23385\/revisions\/23386"}],"wp:featuredmedia":[{"embeddable":true,"href":"https:\/\/encuentroinformativo.com.mx\/index.php?rest_route=\/wp\/v2\/media\/387"}],"wp:attachment":[{"href":"https:\/\/encuentroinformativo.com.mx\/index.php?rest_route=%2Fwp%2Fv2%2Fmedia&parent=23385"}],"wp:term":[{"taxonomy":"category","embeddable":true,"href":"https:\/\/encuentroinformativo.com.mx\/index.php?rest_route=%2Fwp%2Fv2%2Fcategories&post=23385"},{"taxonomy":"post_tag","embeddable":true,"href":"https:\/\/encuentroinformativo.com.mx\/index.php?rest_route=%2Fwp%2Fv2%2Ftags&post=23385"}],"curies":[{"name":"wp","href":"https:\/\/api.w.org\/{rel}","templated":true}]}}