{"id":23390,"date":"2022-02-11T10:26:05","date_gmt":"2022-02-11T16:26:05","guid":{"rendered":"https:\/\/encuentroinformativo.com.mx\/?p=23390"},"modified":"2022-02-11T10:26:09","modified_gmt":"2022-02-11T16:26:09","slug":"dos-muertos-por-choque-en-la-carretera-federal-veracruz-cordoba","status":"publish","type":"post","link":"https:\/\/encuentroinformativo.com.mx\/?p=23390","title":{"rendered":"Dos muertos por choque en la carretera federal Veracruz &#8211; C\u00f3rdoba"},"content":{"rendered":"\n<p><strong>Alejandro \u00c1vila<\/strong><\/p>\n\n\n\n<p>Cuitl\u00e1huac, Ver.- El choque entre dos camionetas, sobre el kil\u00f3metro 36 de la carretera federal Veracruz &#8211; C\u00f3rdoba, dej\u00f3 como saldo dos personas fallecidas.<\/p>\n\n\n\n<p>Los hechos ocurrieron pasadas las 11 de la noche este jueves, cuando una camioneta Nissan color gris, con raz\u00f3n social INSA, se estrell\u00f3 frente a una camioneta Pick Up doble cabina, con raz\u00f3n social Central El\u00e9ctrica de Atoyac, en el kil\u00f3metro 36 altura de &#8220;La Quebradora&#8221;.<\/p>\n\n\n\n<p>La vialidad qued\u00f3 detenida y conductores que pasaban por el sitio alertaron a los cuerpos de emergencia, siendo los Bomberos Regionales los primeros respondientes; sin embargo, notaron qu\u00e9 las personas que ven\u00eda manejando ya se encontraban sin vida.<\/p>\n\n\n\n<p>Elementos de la Polic\u00eda Municipal acordonaron el \u00e1rea y solicitaron la presencia de la autoridad competente; por lo que al llegar los Peritos de la Fiscal\u00eda General del Estado, ordenaron el traslado de los cuerpos al SEMEFO y se iniciaron con las investigaciones correspondientes.<\/p>\n\n\n\n<p>Hasta el momento no se han identificado para dos personas fallecidas, aunque de forma extraoficial, se mencion\u00f3 qu\u00e9 uno de ellos, es un conocido veterinario en el municipio de Cuitl\u00e1huac.<\/p>\n","protected":false},"excerpt":{"rendered":"<p>Alejandro \u00c1vila Cuitl\u00e1huac, Ver.- El choque entre dos camionetas, sobre el kil\u00f3metro 36 de la carretera federal Veracruz &#8211; C\u00f3rdoba, dej\u00f3 como saldo dos personas fallecidas. Los hechos ocurrieron pasadas las 11 de la noche este jueves, cuando una camioneta Nissan color gris, con raz\u00f3n social INSA, se estrell\u00f3 frente a una camioneta Pick Up [&hellip;]<\/p>\n","protected":false},"author":1,"featured_media":23391,"comment_status":"open","ping_status":"open","sticky":false,"template":"","format":"standard","meta":{"_jetpack_memberships_contains_paid_content":false,"footnotes":""},"categories":[2],"tags":[],"class_list":["post-23390","post","type-post","status-publish","format-standard","has-post-thumbnail","hentry","category-estado"],"jetpack_featured_media_url":"https:\/\/encuentroinformativo.com.mx\/wp-content\/uploads\/2022\/02\/00D0FBFD-9FF8-4C4B-99A8-D4C3DF877474.jpeg","jetpack_sharing_enabled":true,"jetpack_likes_enabled":true,"amp_enabled":true,"_links":{"self":[{"href":"https:\/\/encuentroinformativo.com.mx\/index.php?rest_route=\/wp\/v2\/posts\/23390","targetHints":{"allow":["GET"]}}],"collection":[{"href":"https:\/\/encuentroinformativo.com.mx\/index.php?rest_route=\/wp\/v2\/posts"}],"about":[{"href":"https:\/\/encuentroinformativo.com.mx\/index.php?rest_route=\/wp\/v2\/types\/post"}],"author":[{"embeddable":true,"href":"https:\/\/encuentroinformativo.com.mx\/index.php?rest_route=\/wp\/v2\/users\/1"}],"replies":[{"embeddable":true,"href":"https:\/\/encuentroinformativo.com.mx\/index.php?rest_route=%2Fwp%2Fv2%2Fcomments&post=23390"}],"version-history":[{"count":1,"href":"https:\/\/encuentroinformativo.com.mx\/index.php?rest_route=\/wp\/v2\/posts\/23390\/revisions"}],"predecessor-version":[{"id":23392,"href":"https:\/\/encuentroinformativo.com.mx\/index.php?rest_route=\/wp\/v2\/posts\/23390\/revisions\/23392"}],"wp:featuredmedia":[{"embeddable":true,"href":"https:\/\/encuentroinformativo.com.mx\/index.php?rest_route=\/wp\/v2\/media\/23391"}],"wp:attachment":[{"href":"https:\/\/encuentroinformativo.com.mx\/index.php?rest_route=%2Fwp%2Fv2%2Fmedia&parent=23390"}],"wp:term":[{"taxonomy":"category","embeddable":true,"href":"https:\/\/encuentroinformativo.com.mx\/index.php?rest_route=%2Fwp%2Fv2%2Fcategories&post=23390"},{"taxonomy":"post_tag","embeddable":true,"href":"https:\/\/encuentroinformativo.com.mx\/index.php?rest_route=%2Fwp%2Fv2%2Ftags&post=23390"}],"curies":[{"name":"wp","href":"https:\/\/api.w.org\/{rel}","templated":true}]}}