{"id":23393,"date":"2022-02-11T10:30:57","date_gmt":"2022-02-11T16:30:57","guid":{"rendered":"https:\/\/encuentroinformativo.com.mx\/?p=23393"},"modified":"2022-02-11T10:31:01","modified_gmt":"2022-02-11T16:31:01","slug":"detienen-a-presunto-funcionario-de-jamapa-por-circular-con-placas-de-papel","status":"publish","type":"post","link":"https:\/\/encuentroinformativo.com.mx\/?p=23393","title":{"rendered":"Detienen a presunto funcionario de Jamapa por circular con placas de papel"},"content":{"rendered":"\n<p><strong>Alejandro \u00c1vila<\/strong><\/p>\n\n\n\n<p>Medell\u00edn de Bravo, Ver.- Alfonso &#8220;N&#8221;, presunto funcionario p\u00fablico del ayuntamiento de Jamapa fue detenido este jueves, por elementos de la delegaci\u00f3n de Tr\u00e1nsito en el municipio de Medell\u00edn de Bravo.<\/p>\n\n\n\n<p>En primera instancia, la detenci\u00f3n de su veh\u00edculo, una camioneta Saveiro tipo pick up, de la marca Volkswagen, fue por tener el parabrisas roto; sin embargo, al solicitar sus documentos y revisar la unidad, se percat\u00f3 el agente de tr\u00e1nsito que la placa delantera era ap\u00f3crifa.<\/p>\n\n\n\n<p>El oficial se percat\u00f3 qu\u00e9 la placa delantera XW17007, no era de l\u00e1mina sino de papel y se encontraba enmicada, por lo que se dispuso a detener al conductor, qui\u00e9n intento darse a la fuga, pero fue interceptado a las afueras del fraccionamiento Arboleda San Ram\u00f3n, para despu\u00e9s ser puesto a disposici\u00f3n de las autoridades.<\/p>\n\n\n\n<p>El sujeto detenido al verse acorralado y tras haberse negado minutos antes a entregar la tarjeta de circulaci\u00f3n y licencia, aleg\u00f3 tener influencias y ser parte de los funcionarios municipales del Ayuntamiento de Jamapa, por lo que amenaz\u00f3 al oficial de Tr\u00e1nsito, dici\u00e9ndole que con una llamada ser\u00eda liberado y \u00e9l despedido de su trabajo.<\/p>\n\n\n\n<p>Finalmente fueron elementos de la Fiscal\u00eda General del Estado, los que detuvieron al sujeto y retuvieron la unidad m\u00f3vil para su investigaci\u00f3n, el ahora detenido, tendr\u00e1 que responder por el presunto delito de falsificaci\u00f3n de documentos oficiales.<\/p>\n","protected":false},"excerpt":{"rendered":"<p>Alejandro \u00c1vila Medell\u00edn de Bravo, Ver.- Alfonso &#8220;N&#8221;, presunto funcionario p\u00fablico del ayuntamiento de Jamapa fue detenido este jueves, por elementos de la delegaci\u00f3n de Tr\u00e1nsito en el municipio de Medell\u00edn de Bravo. En primera instancia, la detenci\u00f3n de su veh\u00edculo, una camioneta Saveiro tipo pick up, de la marca Volkswagen, fue por tener el [&hellip;]<\/p>\n","protected":false},"author":1,"featured_media":23394,"comment_status":"open","ping_status":"open","sticky":false,"template":"","format":"standard","meta":{"_jetpack_memberships_contains_paid_content":false,"footnotes":""},"categories":[14],"tags":[],"class_list":["post-23393","post","type-post","status-publish","format-standard","has-post-thumbnail","hentry","category-policiaca"],"jetpack_featured_media_url":"https:\/\/encuentroinformativo.com.mx\/wp-content\/uploads\/2022\/02\/1211D855-5604-4478-A0A7-8A07748ED0E4.jpeg","jetpack_sharing_enabled":true,"jetpack_likes_enabled":true,"amp_enabled":true,"_links":{"self":[{"href":"https:\/\/encuentroinformativo.com.mx\/index.php?rest_route=\/wp\/v2\/posts\/23393","targetHints":{"allow":["GET"]}}],"collection":[{"href":"https:\/\/encuentroinformativo.com.mx\/index.php?rest_route=\/wp\/v2\/posts"}],"about":[{"href":"https:\/\/encuentroinformativo.com.mx\/index.php?rest_route=\/wp\/v2\/types\/post"}],"author":[{"embeddable":true,"href":"https:\/\/encuentroinformativo.com.mx\/index.php?rest_route=\/wp\/v2\/users\/1"}],"replies":[{"embeddable":true,"href":"https:\/\/encuentroinformativo.com.mx\/index.php?rest_route=%2Fwp%2Fv2%2Fcomments&post=23393"}],"version-history":[{"count":1,"href":"https:\/\/encuentroinformativo.com.mx\/index.php?rest_route=\/wp\/v2\/posts\/23393\/revisions"}],"predecessor-version":[{"id":23395,"href":"https:\/\/encuentroinformativo.com.mx\/index.php?rest_route=\/wp\/v2\/posts\/23393\/revisions\/23395"}],"wp:featuredmedia":[{"embeddable":true,"href":"https:\/\/encuentroinformativo.com.mx\/index.php?rest_route=\/wp\/v2\/media\/23394"}],"wp:attachment":[{"href":"https:\/\/encuentroinformativo.com.mx\/index.php?rest_route=%2Fwp%2Fv2%2Fmedia&parent=23393"}],"wp:term":[{"taxonomy":"category","embeddable":true,"href":"https:\/\/encuentroinformativo.com.mx\/index.php?rest_route=%2Fwp%2Fv2%2Fcategories&post=23393"},{"taxonomy":"post_tag","embeddable":true,"href":"https:\/\/encuentroinformativo.com.mx\/index.php?rest_route=%2Fwp%2Fv2%2Ftags&post=23393"}],"curies":[{"name":"wp","href":"https:\/\/api.w.org\/{rel}","templated":true}]}}