{"id":23403,"date":"2022-02-11T13:20:01","date_gmt":"2022-02-11T19:20:01","guid":{"rendered":"https:\/\/encuentroinformativo.com.mx\/?p=23403"},"modified":"2022-02-11T13:20:05","modified_gmt":"2022-02-11T19:20:05","slug":"por-semaforo-naranja-medellin-refuerza-medidas-anti-covid","status":"publish","type":"post","link":"https:\/\/encuentroinformativo.com.mx\/?p=23403","title":{"rendered":"Por sem\u00e1foro naranja Medell\u00edn refuerza medidas anti covid"},"content":{"rendered":"\n<p><strong>Alejandro \u00c1vila<\/strong><\/p>\n\n\n\n<p>Medell\u00edn de Bravo, Ver.- El Ayuntamiento de Medell\u00edn de Bravo implement\u00f3 brigadas de vigilancia para reforzar las medidas contra el COVID-19.<\/p>\n\n\n\n<p>Esta es la primera ocasi\u00f3n desde que inici\u00f3 la pandemia, que el municipio de Medell\u00edn de Bravo es colocado en sem\u00e1foro naranja; es decir, riesgo alto de contagio.<\/p>\n\n\n\n<p>Ante esta situaci\u00f3n, se form\u00f3 una brigada que conforman las direcciones municipales de Gobernaci\u00f3n, Comercio y Protecci\u00f3n Civil, adem\u00e1s de la delegaci\u00f3n de Tr\u00e1nsito Estatal y Secretar\u00eda de Salud.<\/p>\n\n\n\n<p>Entre las medidas dispuestas y aprobadas por unanimidad en sesi\u00f3n de Cabildo, se decret\u00f3 a trav\u00e9s de un reglamento, el uso obligatorio de cubrebocas en sitios p\u00fablicos cerrados y en el interior de establecimientos, ya sea de comercio, industria o servicios.<\/p>\n\n\n\n<p>Dicho reglamento tambi\u00e9n aplicar\u00e1 en centros de trabajo de cualquier ramo, lugares de culto religioso, centros comerciales, escuelas p\u00fablicas o privadas y todos aquellos en donde no se puedan aplicar medidas de contenci\u00f3n como el distanciamiento f\u00edsico.<\/p>\n\n\n\n<p>De igual forma aplica para usuarios, operadores y conductores de los servicios de transporte de pasajeros y de carga, de conformidad con lo dispuesto por la normativa aplicable.<\/p>\n\n\n\n<p>Adem\u00e1s, en los recorridos efectuados en los comercios ubicados en la comunidad El Tejar, entregaron folletos y dialogaron con los propietarios, empleados y clientes, con el fin de concientizarlos y persuadirlos a ejecutar las medidas de prevenci\u00f3n, como son el uso de cubrebocas, gel antibacterial y aplicar la sana distancia.<\/p>\n\n\n\n<p>Se les inform\u00f3 tambi\u00e9n sobre las sanciones en que incurren si incumplen con el reglamento, las cuales consisten en el cierre parcial o total de sus establecimientos; esto \u00faltimo en caso de reincidir.<\/p>\n\n\n\n<p>En ese contexto se les aclar\u00f3 que la autoridad municipal tiene como prop\u00f3sito fundamental garantizar la salud de los ciudadanos, sin afectar la econom\u00eda y el desarrollo de los comercios y empresas.<\/p>\n\n\n\n<p>Las brigadas AntiCovid19 se llevar\u00e1n a cabo durante tres d\u00edas en todo el municipio, instalando filtros de revisi\u00f3n en los puntos de mayor concentraci\u00f3n poblacional.<\/p>\n","protected":false},"excerpt":{"rendered":"<p>Alejandro \u00c1vila Medell\u00edn de Bravo, Ver.- El Ayuntamiento de Medell\u00edn de Bravo implement\u00f3 brigadas de vigilancia para reforzar las medidas contra el COVID-19. Esta es la primera ocasi\u00f3n desde que inici\u00f3 la pandemia, que el municipio de Medell\u00edn de Bravo es colocado en sem\u00e1foro naranja; es decir, riesgo alto de contagio. Ante esta situaci\u00f3n, se [&hellip;]<\/p>\n","protected":false},"author":1,"featured_media":23404,"comment_status":"open","ping_status":"open","sticky":false,"template":"","format":"standard","meta":{"_jetpack_memberships_contains_paid_content":false,"footnotes":""},"categories":[9],"tags":[],"class_list":["post-23403","post","type-post","status-publish","format-standard","has-post-thumbnail","hentry","category-salud"],"jetpack_featured_media_url":"https:\/\/encuentroinformativo.com.mx\/wp-content\/uploads\/2022\/02\/674B3FBD-792D-4867-B8D0-C63B774DF103.jpeg","jetpack_sharing_enabled":true,"jetpack_likes_enabled":true,"amp_enabled":true,"_links":{"self":[{"href":"https:\/\/encuentroinformativo.com.mx\/index.php?rest_route=\/wp\/v2\/posts\/23403","targetHints":{"allow":["GET"]}}],"collection":[{"href":"https:\/\/encuentroinformativo.com.mx\/index.php?rest_route=\/wp\/v2\/posts"}],"about":[{"href":"https:\/\/encuentroinformativo.com.mx\/index.php?rest_route=\/wp\/v2\/types\/post"}],"author":[{"embeddable":true,"href":"https:\/\/encuentroinformativo.com.mx\/index.php?rest_route=\/wp\/v2\/users\/1"}],"replies":[{"embeddable":true,"href":"https:\/\/encuentroinformativo.com.mx\/index.php?rest_route=%2Fwp%2Fv2%2Fcomments&post=23403"}],"version-history":[{"count":1,"href":"https:\/\/encuentroinformativo.com.mx\/index.php?rest_route=\/wp\/v2\/posts\/23403\/revisions"}],"predecessor-version":[{"id":23405,"href":"https:\/\/encuentroinformativo.com.mx\/index.php?rest_route=\/wp\/v2\/posts\/23403\/revisions\/23405"}],"wp:featuredmedia":[{"embeddable":true,"href":"https:\/\/encuentroinformativo.com.mx\/index.php?rest_route=\/wp\/v2\/media\/23404"}],"wp:attachment":[{"href":"https:\/\/encuentroinformativo.com.mx\/index.php?rest_route=%2Fwp%2Fv2%2Fmedia&parent=23403"}],"wp:term":[{"taxonomy":"category","embeddable":true,"href":"https:\/\/encuentroinformativo.com.mx\/index.php?rest_route=%2Fwp%2Fv2%2Fcategories&post=23403"},{"taxonomy":"post_tag","embeddable":true,"href":"https:\/\/encuentroinformativo.com.mx\/index.php?rest_route=%2Fwp%2Fv2%2Ftags&post=23403"}],"curies":[{"name":"wp","href":"https:\/\/api.w.org\/{rel}","templated":true}]}}