{"id":23406,"date":"2022-02-11T13:34:26","date_gmt":"2022-02-11T19:34:26","guid":{"rendered":"https:\/\/encuentroinformativo.com.mx\/?p=23406"},"modified":"2022-02-11T13:34:30","modified_gmt":"2022-02-11T19:34:30","slug":"gobierno-no-cumple-con-derogar-delito-de-ultrajes-acusan-abogados","status":"publish","type":"post","link":"https:\/\/encuentroinformativo.com.mx\/?p=23406","title":{"rendered":"Gobierno no cumple con derogar delito de ultrajes, acusan abogados"},"content":{"rendered":"\n<p><strong>Juan Arcos <\/strong><\/p>\n\n\n\n<p>Xalapa, Ver.- Integrantes de diversas barras de abogados entregaron un tercer oficio en Palacio de Gobierno para exigir al gobernador Cuitl\u00e1huac Garc\u00eda Jim\u00e9nez que derogue el delito de ultrajes a la autoridad en el estado de Veracruz.<\/p>\n\n\n\n<p>Los litigantes tambi\u00e9n reclamaron una disculpa p\u00fablica para Sarah Landa Castillo, reportera de la televisora Meganoticias, quien hace unos d\u00edas cuestion\u00f3 al mandatario estatal en una conferencia de prensa y \u00e9l enfureci\u00f3 y estall\u00f3 contra ella.<\/p>\n\n\n\n<p>De acuerdo con Arturo Nicol\u00e1s Baltazar, integrante de la Federaci\u00f3n Mexicana de Colegios de Abogados, si el gobierno estatal insiste en desacatar la recomendaci\u00f3n 146\/2021 de la Comisi\u00f3n Nacional de Derechos Humanos (CNDH) y no se deroga dicho delito en la entidad, podr\u00edan promover un juicio pol\u00edtico contra el titular del Poder Ejecutivo.<\/p>\n\n\n\n<p>Adem\u00e1s, record\u00f3 que la recomendaci\u00f3n por la detenci\u00f3n ilegal de seis j\u00f3venes en la ciudad de Xalapa, quienes pasaron m\u00e1s de tres meses en prisi\u00f3n se\u00f1alados de ultrajes, tambi\u00e9n plantea iniciar carpetas de investigaci\u00f3n contra los polic\u00edas y fiscales que se condujeron con falsedad ante un juez de control.<\/p>\n\n\n\n<p>\u201cSi no se acata en todos sus t\u00e9rminos la recomendaci\u00f3n, porque el gobierno del estado hizo pronunciamientos en el sentido de que va a acatar todos los puntos puede iniciar un juicio pol\u00edtico\u201d, enfatiz\u00f3.<\/p>\n\n\n\n<p>Nicol\u00e1s Baltazar consider\u00f3 que es innecesario realizar foros o mesas de consulta para analizar los alcances y las violaciones a los derechos humanos que se han cometido en esta entidad con el delito de ultrajes a la autoridad.<\/p>\n\n\n\n<p>Cabe recordar que desde que entr\u00f3 en vigor este delito, en marzo del a\u00f1o pasado, m\u00e1s de mil 033 personas han sido detenidas en el estado bajo dicho figura.<\/p>\n","protected":false},"excerpt":{"rendered":"<p>Juan Arcos Xalapa, Ver.- Integrantes de diversas barras de abogados entregaron un tercer oficio en Palacio de Gobierno para exigir al gobernador Cuitl\u00e1huac Garc\u00eda Jim\u00e9nez que derogue el delito de ultrajes a la autoridad en el estado de Veracruz. Los litigantes tambi\u00e9n reclamaron una disculpa p\u00fablica para Sarah Landa Castillo, reportera de la televisora Meganoticias, [&hellip;]<\/p>\n","protected":false},"author":1,"featured_media":23407,"comment_status":"open","ping_status":"open","sticky":false,"template":"","format":"standard","meta":{"_jetpack_memberships_contains_paid_content":false,"footnotes":""},"categories":[2],"tags":[],"class_list":["post-23406","post","type-post","status-publish","format-standard","has-post-thumbnail","hentry","category-estado"],"jetpack_featured_media_url":"https:\/\/encuentroinformativo.com.mx\/wp-content\/uploads\/2022\/02\/12C90210-721E-433B-845F-C93921442470.jpeg","jetpack_sharing_enabled":true,"jetpack_likes_enabled":true,"amp_enabled":true,"_links":{"self":[{"href":"https:\/\/encuentroinformativo.com.mx\/index.php?rest_route=\/wp\/v2\/posts\/23406","targetHints":{"allow":["GET"]}}],"collection":[{"href":"https:\/\/encuentroinformativo.com.mx\/index.php?rest_route=\/wp\/v2\/posts"}],"about":[{"href":"https:\/\/encuentroinformativo.com.mx\/index.php?rest_route=\/wp\/v2\/types\/post"}],"author":[{"embeddable":true,"href":"https:\/\/encuentroinformativo.com.mx\/index.php?rest_route=\/wp\/v2\/users\/1"}],"replies":[{"embeddable":true,"href":"https:\/\/encuentroinformativo.com.mx\/index.php?rest_route=%2Fwp%2Fv2%2Fcomments&post=23406"}],"version-history":[{"count":1,"href":"https:\/\/encuentroinformativo.com.mx\/index.php?rest_route=\/wp\/v2\/posts\/23406\/revisions"}],"predecessor-version":[{"id":23408,"href":"https:\/\/encuentroinformativo.com.mx\/index.php?rest_route=\/wp\/v2\/posts\/23406\/revisions\/23408"}],"wp:featuredmedia":[{"embeddable":true,"href":"https:\/\/encuentroinformativo.com.mx\/index.php?rest_route=\/wp\/v2\/media\/23407"}],"wp:attachment":[{"href":"https:\/\/encuentroinformativo.com.mx\/index.php?rest_route=%2Fwp%2Fv2%2Fmedia&parent=23406"}],"wp:term":[{"taxonomy":"category","embeddable":true,"href":"https:\/\/encuentroinformativo.com.mx\/index.php?rest_route=%2Fwp%2Fv2%2Fcategories&post=23406"},{"taxonomy":"post_tag","embeddable":true,"href":"https:\/\/encuentroinformativo.com.mx\/index.php?rest_route=%2Fwp%2Fv2%2Ftags&post=23406"}],"curies":[{"name":"wp","href":"https:\/\/api.w.org\/{rel}","templated":true}]}}