{"id":23412,"date":"2022-02-11T14:12:26","date_gmt":"2022-02-11T20:12:26","guid":{"rendered":"https:\/\/encuentroinformativo.com.mx\/?p=23412"},"modified":"2022-02-11T14:12:29","modified_gmt":"2022-02-11T20:12:29","slug":"protestan-en-plan-del-rio-acusan-a-balneario-de-aduenarse-de-pozas","status":"publish","type":"post","link":"https:\/\/encuentroinformativo.com.mx\/?p=23412","title":{"rendered":"Protestan en Plan del R\u00edo, acusan a balneario de adue\u00f1arse de pozas"},"content":{"rendered":"\n<p><strong>Dar\u00edo Pale <\/strong><\/p>\n\n\n\n<p>Xalapa, Ver.- Habitantes de la comunicad de Plan del R\u00edo del municipio de Emiliano Zapata bloquearon la carretera estatal Xalapa &#8211; Veracruz para denunciar a un balneario que quiere adue\u00f1arse un cuerpo de agua conocida como &#8220;Poza Azul&#8221;.<\/p>\n\n\n\n<p>Durante la manifestaci\u00f3n se\u00f1alaron que desde hace varios d\u00edas, las y los ciudadanos se han unido para reclamar que se evite que se exploten las zonas naturales de la comunidad, y las cuales acusaron, se han venido da\u00f1ando desde que se instal\u00f3 y ampli\u00f3 el balneario denominado \u201cLos Pocitos\u201d.<\/p>\n\n\n\n<p>Es por ello, que los habitantes de esa zona piden que se d\u00e9 vigilancia de la poza, ya que tienen la duda de qu\u00e9 pasar\u00e1 con el cuerpo de agua, hasta el momento no hay ninguna informaci\u00f3n clara por parte de las autoridades municipales.<\/p>\n\n\n\n<p>\u201cVamos a defender con todo lo que nos pertenece y no vamos a permitir que nadie, nadie nos quite lo que es de nosotros, as\u00ed tenga la jerarqu\u00eda y nos venga a arrebatar lo que nos pertenece\u201d, se\u00f1alo una de las inconformes.<\/p>\n\n\n\n<p>Los vecinos denunciaron que no s\u00f3lo es est\u00e1 poza la que han da\u00f1ado, si no que desde hace varios a\u00f1os se han venido apropiando de las fuentes de agua.<\/p>\n\n\n\n<p>Por \u00faltimo es de mencionar que el bloqueo de la carretera se da en la v\u00eda libre, por lo que afecta la circulaci\u00f3n de servicios urbanos as\u00ed como autobuses y poblaci\u00f3n que circula por la zona.<\/p>\n","protected":false},"excerpt":{"rendered":"<p>Dar\u00edo Pale Xalapa, Ver.- Habitantes de la comunicad de Plan del R\u00edo del municipio de Emiliano Zapata bloquearon la carretera estatal Xalapa &#8211; Veracruz para denunciar a un balneario que quiere adue\u00f1arse un cuerpo de agua conocida como &#8220;Poza Azul&#8221;. Durante la manifestaci\u00f3n se\u00f1alaron que desde hace varios d\u00edas, las y los ciudadanos se han [&hellip;]<\/p>\n","protected":false},"author":1,"featured_media":23414,"comment_status":"open","ping_status":"open","sticky":false,"template":"","format":"standard","meta":{"_jetpack_memberships_contains_paid_content":false,"footnotes":""},"categories":[8],"tags":[],"class_list":["post-23412","post","type-post","status-publish","format-standard","has-post-thumbnail","hentry","category-region"],"jetpack_featured_media_url":"https:\/\/encuentroinformativo.com.mx\/wp-content\/uploads\/2022\/02\/458E2162-1187-4E41-8951-36D7FD569228.jpeg","jetpack_sharing_enabled":true,"jetpack_likes_enabled":true,"amp_enabled":true,"_links":{"self":[{"href":"https:\/\/encuentroinformativo.com.mx\/index.php?rest_route=\/wp\/v2\/posts\/23412","targetHints":{"allow":["GET"]}}],"collection":[{"href":"https:\/\/encuentroinformativo.com.mx\/index.php?rest_route=\/wp\/v2\/posts"}],"about":[{"href":"https:\/\/encuentroinformativo.com.mx\/index.php?rest_route=\/wp\/v2\/types\/post"}],"author":[{"embeddable":true,"href":"https:\/\/encuentroinformativo.com.mx\/index.php?rest_route=\/wp\/v2\/users\/1"}],"replies":[{"embeddable":true,"href":"https:\/\/encuentroinformativo.com.mx\/index.php?rest_route=%2Fwp%2Fv2%2Fcomments&post=23412"}],"version-history":[{"count":1,"href":"https:\/\/encuentroinformativo.com.mx\/index.php?rest_route=\/wp\/v2\/posts\/23412\/revisions"}],"predecessor-version":[{"id":23415,"href":"https:\/\/encuentroinformativo.com.mx\/index.php?rest_route=\/wp\/v2\/posts\/23412\/revisions\/23415"}],"wp:featuredmedia":[{"embeddable":true,"href":"https:\/\/encuentroinformativo.com.mx\/index.php?rest_route=\/wp\/v2\/media\/23414"}],"wp:attachment":[{"href":"https:\/\/encuentroinformativo.com.mx\/index.php?rest_route=%2Fwp%2Fv2%2Fmedia&parent=23412"}],"wp:term":[{"taxonomy":"category","embeddable":true,"href":"https:\/\/encuentroinformativo.com.mx\/index.php?rest_route=%2Fwp%2Fv2%2Fcategories&post=23412"},{"taxonomy":"post_tag","embeddable":true,"href":"https:\/\/encuentroinformativo.com.mx\/index.php?rest_route=%2Fwp%2Fv2%2Ftags&post=23412"}],"curies":[{"name":"wp","href":"https:\/\/api.w.org\/{rel}","templated":true}]}}