{"id":23436,"date":"2022-02-11T17:31:54","date_gmt":"2022-02-11T23:31:54","guid":{"rendered":"https:\/\/encuentroinformativo.com.mx\/?p=23436"},"modified":"2022-02-11T17:31:57","modified_gmt":"2022-02-11T23:31:57","slug":"por-delitos-contra-la-salud-un-detenido-en-medellin-de-bravo","status":"publish","type":"post","link":"https:\/\/encuentroinformativo.com.mx\/?p=23436","title":{"rendered":"Por delitos contra la salud, un detenido en Medell\u00edn de Bravo"},"content":{"rendered":"\n<p><strong>Alejandro \u00c1vila<\/strong><\/p>\n\n\n\n<p>Medell\u00edn de Bravo, Ver.- Un aproximado de 26 dosis de estupefacientes le fueron encontrados a un sujeto en el municipio de Medell\u00edn de Bravo, por lo que fue detenido por los elementos de la Secretar\u00eda de Seguridad P\u00fablica (SSP), por delitos contra la salud.<\/p>\n\n\n\n<p>Los uniformados realizaban su rond\u00edn por el fraccionamiento Arboledas San Miguel, cuando en la calle Manantial visualizaron a un sujeto con actitud sospechosa, por lo que le pidieron detenerse para una revisi\u00f3n de rutina.<\/p>\n\n\n\n<p>El joven ignor\u00f3 la solicitud e intento huir del lugar, pero fue r\u00e1pidamente intervenido por los efectivos de la Polic\u00eda Estatal.<\/p>\n\n\n\n<p>Al realizar la inspecci\u00f3n se pudo constatar el muchacho identificado como Yair &#8220;N&#8221;, de 25 a\u00f1os de edad, llevaba consigo 26 bolsas de pl\u00e1stico transparente que en su interior presentaban una sustancia granulada con caracter\u00edsticas de &#8220;cristal&#8221;.<\/p>\n\n\n\n<p>Yahir &#8220;N&#8221; fue detenido por los efectivos de la Polic\u00eda Estatal y puesto a disposici\u00f3n de las autoridades competentes, para que se le asigne su responsabilidad por el presunto delito de da\u00f1os contra la salud.<\/p>\n","protected":false},"excerpt":{"rendered":"<p>Alejandro \u00c1vila Medell\u00edn de Bravo, Ver.- Un aproximado de 26 dosis de estupefacientes le fueron encontrados a un sujeto en el municipio de Medell\u00edn de Bravo, por lo que fue detenido por los elementos de la Secretar\u00eda de Seguridad P\u00fablica (SSP), por delitos contra la salud. Los uniformados realizaban su rond\u00edn por el fraccionamiento Arboledas [&hellip;]<\/p>\n","protected":false},"author":1,"featured_media":23437,"comment_status":"open","ping_status":"open","sticky":false,"template":"","format":"standard","meta":{"_jetpack_memberships_contains_paid_content":false,"footnotes":""},"categories":[14],"tags":[],"class_list":["post-23436","post","type-post","status-publish","format-standard","has-post-thumbnail","hentry","category-policiaca"],"jetpack_featured_media_url":"https:\/\/encuentroinformativo.com.mx\/wp-content\/uploads\/2022\/02\/28EE2224-5050-42F7-9BC8-6C25D8A610FA.jpeg","jetpack_sharing_enabled":true,"jetpack_likes_enabled":true,"amp_enabled":true,"_links":{"self":[{"href":"https:\/\/encuentroinformativo.com.mx\/index.php?rest_route=\/wp\/v2\/posts\/23436","targetHints":{"allow":["GET"]}}],"collection":[{"href":"https:\/\/encuentroinformativo.com.mx\/index.php?rest_route=\/wp\/v2\/posts"}],"about":[{"href":"https:\/\/encuentroinformativo.com.mx\/index.php?rest_route=\/wp\/v2\/types\/post"}],"author":[{"embeddable":true,"href":"https:\/\/encuentroinformativo.com.mx\/index.php?rest_route=\/wp\/v2\/users\/1"}],"replies":[{"embeddable":true,"href":"https:\/\/encuentroinformativo.com.mx\/index.php?rest_route=%2Fwp%2Fv2%2Fcomments&post=23436"}],"version-history":[{"count":1,"href":"https:\/\/encuentroinformativo.com.mx\/index.php?rest_route=\/wp\/v2\/posts\/23436\/revisions"}],"predecessor-version":[{"id":23438,"href":"https:\/\/encuentroinformativo.com.mx\/index.php?rest_route=\/wp\/v2\/posts\/23436\/revisions\/23438"}],"wp:featuredmedia":[{"embeddable":true,"href":"https:\/\/encuentroinformativo.com.mx\/index.php?rest_route=\/wp\/v2\/media\/23437"}],"wp:attachment":[{"href":"https:\/\/encuentroinformativo.com.mx\/index.php?rest_route=%2Fwp%2Fv2%2Fmedia&parent=23436"}],"wp:term":[{"taxonomy":"category","embeddable":true,"href":"https:\/\/encuentroinformativo.com.mx\/index.php?rest_route=%2Fwp%2Fv2%2Fcategories&post=23436"},{"taxonomy":"post_tag","embeddable":true,"href":"https:\/\/encuentroinformativo.com.mx\/index.php?rest_route=%2Fwp%2Fv2%2Ftags&post=23436"}],"curies":[{"name":"wp","href":"https:\/\/api.w.org\/{rel}","templated":true}]}}