{"id":23445,"date":"2022-02-12T12:36:31","date_gmt":"2022-02-12T18:36:31","guid":{"rendered":"https:\/\/encuentroinformativo.com.mx\/?p=23445"},"modified":"2022-02-12T12:36:34","modified_gmt":"2022-02-12T18:36:34","slug":"reciben-a-jovenes-del-servicio-militar","status":"publish","type":"post","link":"https:\/\/encuentroinformativo.com.mx\/?p=23445","title":{"rendered":"Reciben a j\u00f3venes del servicio militar"},"content":{"rendered":"\n<p>Emiliano Zapata, Ver.- En las instalaciones del 63 Batall\u00f3n de Infanter\u00eda, se dio la bienvenida a los j\u00f3venes que realizar\u00e1n el Servicio Militar Nacional, donde destaca la participaci\u00f3n de 13 mujeres voluntarias.<\/p>\n\n\n\n<p>Al evento asistieron el gobernador Cuitl\u00e1huac Garc\u00eda Jim\u00e9nez acompa\u00f1ado por el secretario de Seguridad P\u00fablica, Hugo Guti\u00e9rrez Maldonado y la Fiscal General, Ver\u00f3nica Hern\u00e1ndez Giad\u00e1ns.<\/p>\n\n\n\n<figure class=\"wp-block-image size-large\"><img loading=\"lazy\" decoding=\"async\" width=\"1024\" height=\"683\" src=\"https:\/\/encuentroinformativo.com.mx\/wp-content\/uploads\/2022\/02\/86C25378-4576-44D9-9A85-96CA8DC91928-1024x683.jpeg\" alt=\"\" class=\"wp-image-23447\" srcset=\"https:\/\/encuentroinformativo.com.mx\/wp-content\/uploads\/2022\/02\/86C25378-4576-44D9-9A85-96CA8DC91928-1024x683.jpeg 1024w, https:\/\/encuentroinformativo.com.mx\/wp-content\/uploads\/2022\/02\/86C25378-4576-44D9-9A85-96CA8DC91928-300x200.jpeg 300w, https:\/\/encuentroinformativo.com.mx\/wp-content\/uploads\/2022\/02\/86C25378-4576-44D9-9A85-96CA8DC91928-768x512.jpeg 768w, https:\/\/encuentroinformativo.com.mx\/wp-content\/uploads\/2022\/02\/86C25378-4576-44D9-9A85-96CA8DC91928-1536x1024.jpeg 1536w, https:\/\/encuentroinformativo.com.mx\/wp-content\/uploads\/2022\/02\/86C25378-4576-44D9-9A85-96CA8DC91928-2048x1365.jpeg 2048w\" sizes=\"auto, (max-width: 1024px) 100vw, 1024px\" \/><\/figure>\n\n\n\n<p><\/p>\n","protected":false},"excerpt":{"rendered":"<p>Emiliano Zapata, Ver.- En las instalaciones del 63 Batall\u00f3n de Infanter\u00eda, se dio la bienvenida a los j\u00f3venes que realizar\u00e1n el Servicio Militar Nacional, donde destaca la participaci\u00f3n de 13 mujeres voluntarias. Al evento asistieron el gobernador Cuitl\u00e1huac Garc\u00eda Jim\u00e9nez acompa\u00f1ado por el secretario de Seguridad P\u00fablica, Hugo Guti\u00e9rrez Maldonado y la Fiscal General, Ver\u00f3nica [&hellip;]<\/p>\n","protected":false},"author":1,"featured_media":23446,"comment_status":"open","ping_status":"open","sticky":false,"template":"","format":"standard","meta":{"_jetpack_memberships_contains_paid_content":false,"footnotes":""},"categories":[8],"tags":[],"class_list":["post-23445","post","type-post","status-publish","format-standard","has-post-thumbnail","hentry","category-region"],"jetpack_featured_media_url":"https:\/\/encuentroinformativo.com.mx\/wp-content\/uploads\/2022\/02\/DC697110-CAB4-4065-850B-CE5DC7E41EFD-scaled.jpeg","jetpack_sharing_enabled":true,"jetpack_likes_enabled":true,"amp_enabled":true,"_links":{"self":[{"href":"https:\/\/encuentroinformativo.com.mx\/index.php?rest_route=\/wp\/v2\/posts\/23445","targetHints":{"allow":["GET"]}}],"collection":[{"href":"https:\/\/encuentroinformativo.com.mx\/index.php?rest_route=\/wp\/v2\/posts"}],"about":[{"href":"https:\/\/encuentroinformativo.com.mx\/index.php?rest_route=\/wp\/v2\/types\/post"}],"author":[{"embeddable":true,"href":"https:\/\/encuentroinformativo.com.mx\/index.php?rest_route=\/wp\/v2\/users\/1"}],"replies":[{"embeddable":true,"href":"https:\/\/encuentroinformativo.com.mx\/index.php?rest_route=%2Fwp%2Fv2%2Fcomments&post=23445"}],"version-history":[{"count":1,"href":"https:\/\/encuentroinformativo.com.mx\/index.php?rest_route=\/wp\/v2\/posts\/23445\/revisions"}],"predecessor-version":[{"id":23448,"href":"https:\/\/encuentroinformativo.com.mx\/index.php?rest_route=\/wp\/v2\/posts\/23445\/revisions\/23448"}],"wp:featuredmedia":[{"embeddable":true,"href":"https:\/\/encuentroinformativo.com.mx\/index.php?rest_route=\/wp\/v2\/media\/23446"}],"wp:attachment":[{"href":"https:\/\/encuentroinformativo.com.mx\/index.php?rest_route=%2Fwp%2Fv2%2Fmedia&parent=23445"}],"wp:term":[{"taxonomy":"category","embeddable":true,"href":"https:\/\/encuentroinformativo.com.mx\/index.php?rest_route=%2Fwp%2Fv2%2Fcategories&post=23445"},{"taxonomy":"post_tag","embeddable":true,"href":"https:\/\/encuentroinformativo.com.mx\/index.php?rest_route=%2Fwp%2Fv2%2Ftags&post=23445"}],"curies":[{"name":"wp","href":"https:\/\/api.w.org\/{rel}","templated":true}]}}