{"id":23449,"date":"2022-02-12T12:54:01","date_gmt":"2022-02-12T18:54:01","guid":{"rendered":"https:\/\/encuentroinformativo.com.mx\/?p=23449"},"modified":"2022-02-12T12:54:04","modified_gmt":"2022-02-12T18:54:04","slug":"seguiran-filtros-de-seguridad-en-xalapa-gobernador","status":"publish","type":"post","link":"https:\/\/encuentroinformativo.com.mx\/?p=23449","title":{"rendered":"Seguir\u00e1n filtros de seguridad en Xalapa: Gobernador"},"content":{"rendered":"\n<p><strong>Dar\u00edo Pale<\/strong><\/p>\n\n\n\n<p>Emiliano Zapata, Ver.- El gobernador del estado Cuitl\u00e1huac Garc\u00eda Jim\u00e9nez dio a conocer que continuar\u00e1n los filtros de seguridad en Xalapa, el lunes se dar\u00e1n a conocer avances de las investigar de ejecuciones.<\/p>\n\n\n\n<p>Entrevistado en las instalaciones del 63 batall\u00f3n de infanter\u00eda se\u00f1al\u00f3 que tras las recientes ejecuciones en la capital del estado continuar\u00e1n llev\u00e1ndose a cabo los filtros de seguridad para tratar de inhibir la delincuencia.<\/p>\n\n\n\n<p>&#8220;Vamos a continuar. No vamos a permitir que se altere la tranquilidad que ya tenemos aqu\u00ed en Xalapa&#8221; reiter\u00f3 la ma\u00f1ana de este s\u00e1bado acompa\u00f1ado por el gabinete de Seguridad y la Mesa de Construcci\u00f3n de la Paz en la entidad integrada por autoridades civiles y militares.<br>Confirm\u00f3 que ya hay un operativo coordinado entre el Ej\u00e9rcito Mexicano, Guardia Nacional y Polic\u00eda Estatal y Municipal, estrategia que ser\u00e1 dada a conocer a detalle el pr\u00f3ximo lunes.<\/p>\n\n\n\n<p>&#8220;Ya se inici\u00f3, el lunes que me re\u00fana con el alcalde ya daremos cuenta de los resultados&#8221;, se\u00f1al\u00f3.<\/p>\n\n\n\n<p>El mandatario estatal dijo que los avances en las investigaciones por los recientes asesinatos, entre estos el de tres sujetos encontrados aparentemente ejecutados y amaniatados este viernes tambi\u00e9n se dar\u00e1n a conocer este lunes.<\/p>\n\n\n\n<p>&#8220;Debemos ser cautos. Dejemos que avancen y el lunes inf\u00f3rmanos&#8221;, coment\u00f3.<\/p>\n\n\n\n<p>Finalmente Garc\u00eda Jim\u00e9nez destac\u00f3 la funci\u00f3n del Ej\u00e9rcito en distintos tareas de seguridad en el estado.<\/p>\n","protected":false},"excerpt":{"rendered":"<p>Dar\u00edo Pale Emiliano Zapata, Ver.- El gobernador del estado Cuitl\u00e1huac Garc\u00eda Jim\u00e9nez dio a conocer que continuar\u00e1n los filtros de seguridad en Xalapa, el lunes se dar\u00e1n a conocer avances de las investigar de ejecuciones. Entrevistado en las instalaciones del 63 batall\u00f3n de infanter\u00eda se\u00f1al\u00f3 que tras las recientes ejecuciones en la capital del estado [&hellip;]<\/p>\n","protected":false},"author":1,"featured_media":23450,"comment_status":"open","ping_status":"open","sticky":false,"template":"","format":"standard","meta":{"_jetpack_memberships_contains_paid_content":false,"footnotes":""},"categories":[3],"tags":[],"class_list":["post-23449","post","type-post","status-publish","format-standard","has-post-thumbnail","hentry","category-xalapa"],"jetpack_featured_media_url":"https:\/\/encuentroinformativo.com.mx\/wp-content\/uploads\/2022\/02\/EE9AACA4-E22C-4F4B-BD2E-1F1F2AF2DB52.jpeg","jetpack_sharing_enabled":true,"jetpack_likes_enabled":true,"amp_enabled":true,"_links":{"self":[{"href":"https:\/\/encuentroinformativo.com.mx\/index.php?rest_route=\/wp\/v2\/posts\/23449","targetHints":{"allow":["GET"]}}],"collection":[{"href":"https:\/\/encuentroinformativo.com.mx\/index.php?rest_route=\/wp\/v2\/posts"}],"about":[{"href":"https:\/\/encuentroinformativo.com.mx\/index.php?rest_route=\/wp\/v2\/types\/post"}],"author":[{"embeddable":true,"href":"https:\/\/encuentroinformativo.com.mx\/index.php?rest_route=\/wp\/v2\/users\/1"}],"replies":[{"embeddable":true,"href":"https:\/\/encuentroinformativo.com.mx\/index.php?rest_route=%2Fwp%2Fv2%2Fcomments&post=23449"}],"version-history":[{"count":1,"href":"https:\/\/encuentroinformativo.com.mx\/index.php?rest_route=\/wp\/v2\/posts\/23449\/revisions"}],"predecessor-version":[{"id":23451,"href":"https:\/\/encuentroinformativo.com.mx\/index.php?rest_route=\/wp\/v2\/posts\/23449\/revisions\/23451"}],"wp:featuredmedia":[{"embeddable":true,"href":"https:\/\/encuentroinformativo.com.mx\/index.php?rest_route=\/wp\/v2\/media\/23450"}],"wp:attachment":[{"href":"https:\/\/encuentroinformativo.com.mx\/index.php?rest_route=%2Fwp%2Fv2%2Fmedia&parent=23449"}],"wp:term":[{"taxonomy":"category","embeddable":true,"href":"https:\/\/encuentroinformativo.com.mx\/index.php?rest_route=%2Fwp%2Fv2%2Fcategories&post=23449"},{"taxonomy":"post_tag","embeddable":true,"href":"https:\/\/encuentroinformativo.com.mx\/index.php?rest_route=%2Fwp%2Fv2%2Ftags&post=23449"}],"curies":[{"name":"wp","href":"https:\/\/api.w.org\/{rel}","templated":true}]}}