{"id":23464,"date":"2022-02-12T15:59:07","date_gmt":"2022-02-12T21:59:07","guid":{"rendered":"https:\/\/encuentroinformativo.com.mx\/?p=23464"},"modified":"2022-02-12T15:59:10","modified_gmt":"2022-02-12T21:59:10","slug":"intimidan-a-lady-audios-pide-ayuda-a-las-autoridades","status":"publish","type":"post","link":"https:\/\/encuentroinformativo.com.mx\/?p=23464","title":{"rendered":"Intimidan a Lady Audios, pide ayuda a las autoridades"},"content":{"rendered":"\n<p><strong>Alejandro \u00c1vila<\/strong><\/p>\n\n\n\n<p>Veracruz, Ver.- La artista y estilista, Perla Grinelli, relat\u00f3 en un video en vivo a trav\u00e9s de su cuenta personal de <em>Facebook<\/em> que ha sido acosada y amedrentada por dos personas que rondan por su est\u00e9tica.<\/p>\n\n\n\n<p>La veracruzana conocida como &#8220;<em>Lady Audios<\/em>&#8220;, cont\u00f3 que desde el pasado 10 de febrero teme por su vida, ya que dos sujetos han rondado por su negocio que se ubica en la calle Cort\u00e9s y Pino Su\u00e1rez, en la colonia Centro del Puerto de Veracruz.<\/p>\n\n\n\n<p>Ante esta situaci\u00f3n asegur\u00f3 que, desde esa fecha vive con temor y solicita el apoyo de las autoridades municipales y estatales para que un mente en los rondines por su zona.<\/p>\n\n\n\n<p>La nacida en Paso del Toro municipio de Medell\u00edn de Bravo, narr\u00f3 que el pasado jueves su amiga Delfina lleg\u00f3 a su est\u00e9tica, pues pasar\u00eda por ella para ir a cenar juntas.<\/p>\n\n\n\n<p>Minutos m\u00e1s tarde, otra mujer conocida de ella entr\u00f3 a su local para pedirle prestado el sanitario, y le coment\u00f3 que se estaba hospedando en el hotel que est\u00e1 en frente a su est\u00e9tica.<\/p>\n\n\n\n<p>Minutos m\u00e1s tarde, dos personas, quienes asegur\u00f3 ten\u00edan pinta de maleantes pasaron frente a su local, y la mujer que le hab\u00eda pedido su ba\u00f1o les pregunt\u00f3 que \u00bfA d\u00f3nde iban?.<\/p>\n\n\n\n<p>Perla le pidi\u00f3 a su amiga Delfina que pusiera el candado, pues sospechaba que algo malo podr\u00eda sucederles; aclar\u00f3 qu\u00e9 la primera vez que vio a los sujetos no llevaban nada consigo, mientras que la segunda vez, al d\u00eda siguiente, llevaban una cuerda en sus manos.<\/p>\n\n\n\n<p>\u201cYo le dije a Delfina, &#8216;mete el candado porque hay candado y le van a dar jugo a Maribel&#8217;, esa fue a palabra que le dije a Delfina y est\u00e1 de testigo (..) y ella dijo &#8216;pues si te quieren llevar aqu\u00ed mismo te agarran y aqu\u00ed mismo te llevan&#8217;, y yo me qued\u00e9 as\u00ed (sorprendida). Y yo le dije a Delfina, &#8216;oye Delfina vamos a buscar la ropa con tu sobrina&#8217; y me dijo &#8216;s\u00ed, ya v\u00e1monos&#8217;, y la persona se qued\u00f3 ah\u00ed. Yo me fui y cuando me sub\u00ed al taxi, una de las personas flacas sali\u00f3 del hotel de enfrente y mir\u00f3 el taxi y ya me trajo Delfina a su casa, me qued\u00e9 anoche a dormir con ella, que se lo agradezco infinitamente\u201d, cont\u00f3 la popular Lady Audios.<\/p>\n\n\n\n<p>Al d\u00eda siguiente, en su est\u00e9tica se encontraba su amiga Vianey Jeffrey, y tambi\u00e9n regres\u00f3 la amiga que le hab\u00eda pedido el ba\u00f1o, casualmente, expres\u00f3, volvieron a pasar los mismos sujetos sospechosos, pero ahora con una cuerda en la mano.<\/p>\n\n\n\n<p>Ante esta situaci\u00f3n, Perla Grinelli asegur\u00f3 que, har\u00e1 la denuncia ante las instancias correspondientes, mientras solicit\u00f3 el apoyo de las autoridades policiales para incrementar los rondines cerca de su est\u00e9tica; adem\u00e1s, mencion\u00f3 que contaba con fotograf\u00edas de los dos sujetos sospechosos.<\/p>\n\n\n\n<p>\u201cEmpez\u00f3 a hacer bulla Vianey y son las mismas personas que una noche antes quer\u00edan o no s\u00e9 qu\u00e9 ten\u00edan planeado hacerme (..) Me subi\u00f3 Vianey a la camioneta de ella y a adelante le tom\u00f3 fotos a la persona que tiene la cuerda y al otro flaco, entonces, pues, yo tengo miedo&#8221;, expuso Perla.<\/p>\n\n\n\n<p>La veracruzana dijo que ella es una mujer tranquila qu\u00e9 se dedica al trabajo, a trav\u00e9s de su est\u00e9tica y los shows para los que la contratan, exponiendo adem\u00e1s qu\u00e9, es lamentable que no se pueda estar segura ni siquiera en su propiedad.<\/p>\n\n\n\n<p>En la misma transmisi\u00f3n en vivo, Vianey Jeffrey se\u00f1al\u00f3 que, los sujetos aparentaban estar bajo los influjos de alguna droga o alcohol.<\/p>\n\n\n\n<p>Antes de concluir la transmisi\u00f3n en vivo, &#8220;Lady Audios&#8221; solicit\u00f3 a sus seguidores que compartieran la transmisi\u00f3n para hacerla viral, y llamar as\u00ed la atenci\u00f3n de las autoridades policiales para que le brinden las atenciones pertinentes.<\/p>\n","protected":false},"excerpt":{"rendered":"<p>Alejandro \u00c1vila Veracruz, Ver.- La artista y estilista, Perla Grinelli, relat\u00f3 en un video en vivo a trav\u00e9s de su cuenta personal de Facebook que ha sido acosada y amedrentada por dos personas que rondan por su est\u00e9tica. La veracruzana conocida como &#8220;Lady Audios&#8220;, cont\u00f3 que desde el pasado 10 de febrero teme por su [&hellip;]<\/p>\n","protected":false},"author":1,"featured_media":23465,"comment_status":"open","ping_status":"open","sticky":false,"template":"","format":"standard","meta":{"_jetpack_memberships_contains_paid_content":false,"footnotes":""},"categories":[2],"tags":[],"class_list":["post-23464","post","type-post","status-publish","format-standard","has-post-thumbnail","hentry","category-estado"],"jetpack_featured_media_url":"https:\/\/encuentroinformativo.com.mx\/wp-content\/uploads\/2022\/02\/9F00A4F5-078D-4003-B63C-B00F8BF9E1DA.jpeg","jetpack_sharing_enabled":true,"jetpack_likes_enabled":true,"amp_enabled":true,"_links":{"self":[{"href":"https:\/\/encuentroinformativo.com.mx\/index.php?rest_route=\/wp\/v2\/posts\/23464","targetHints":{"allow":["GET"]}}],"collection":[{"href":"https:\/\/encuentroinformativo.com.mx\/index.php?rest_route=\/wp\/v2\/posts"}],"about":[{"href":"https:\/\/encuentroinformativo.com.mx\/index.php?rest_route=\/wp\/v2\/types\/post"}],"author":[{"embeddable":true,"href":"https:\/\/encuentroinformativo.com.mx\/index.php?rest_route=\/wp\/v2\/users\/1"}],"replies":[{"embeddable":true,"href":"https:\/\/encuentroinformativo.com.mx\/index.php?rest_route=%2Fwp%2Fv2%2Fcomments&post=23464"}],"version-history":[{"count":1,"href":"https:\/\/encuentroinformativo.com.mx\/index.php?rest_route=\/wp\/v2\/posts\/23464\/revisions"}],"predecessor-version":[{"id":23466,"href":"https:\/\/encuentroinformativo.com.mx\/index.php?rest_route=\/wp\/v2\/posts\/23464\/revisions\/23466"}],"wp:featuredmedia":[{"embeddable":true,"href":"https:\/\/encuentroinformativo.com.mx\/index.php?rest_route=\/wp\/v2\/media\/23465"}],"wp:attachment":[{"href":"https:\/\/encuentroinformativo.com.mx\/index.php?rest_route=%2Fwp%2Fv2%2Fmedia&parent=23464"}],"wp:term":[{"taxonomy":"category","embeddable":true,"href":"https:\/\/encuentroinformativo.com.mx\/index.php?rest_route=%2Fwp%2Fv2%2Fcategories&post=23464"},{"taxonomy":"post_tag","embeddable":true,"href":"https:\/\/encuentroinformativo.com.mx\/index.php?rest_route=%2Fwp%2Fv2%2Ftags&post=23464"}],"curies":[{"name":"wp","href":"https:\/\/api.w.org\/{rel}","templated":true}]}}