{"id":23472,"date":"2022-02-13T12:40:49","date_gmt":"2022-02-13T18:40:49","guid":{"rendered":"https:\/\/encuentroinformativo.com.mx\/?p=23472"},"modified":"2022-02-13T12:40:53","modified_gmt":"2022-02-13T18:40:53","slug":"se-registro-cencellada-en-zona-de-las-vigas","status":"publish","type":"post","link":"https:\/\/encuentroinformativo.com.mx\/?p=23472","title":{"rendered":"Se registr\u00f3 cencellada en zona de Las Vigas"},"content":{"rendered":"\n<p><strong>Juan Arcos <\/strong><\/p>\n\n\n\n<p>Xalapa, Ver.- El hielo cubri\u00f3 la superficie de los \u00e1rboles en la zona monta\u00f1osa central de Veracruz por las bajas temperaturas que ha ocasionado el paso del frente fr\u00edo n\u00famero 29.<\/p>\n\n\n\n<p>La Secretar\u00eda de Protecci\u00f3n Civil (PC) report\u00f3 que esta situaci\u00f3n ocurri\u00f3 en la localidad 5 de Mayo, municipio de Tlacolulan, ubicado a 22 kil\u00f3metros de Xalapa, la capital del estado.<\/p>\n\n\n\n<p>Lo mismo se present\u00f3 en la zona del municipio de Las Vigas de Ram\u00edrez, cuya zona urbana se observa a orilla de la carretera Xalapa-Perote y es paso obligado si se viaja a la Ciudad de M\u00e9xico.<\/p>\n\n\n\n<p>De acuerdo con la meteor\u00f3loga de la Comisi\u00f3n Nacional del Agua (Conagua), Jessica Iveth Luna Lagunes, la cencellada podr\u00eda registrarse tambi\u00e9n en los municipios vecinos.<\/p>\n\n\n\n<p>En la entidad se mantiene activa la Alerta Gris, debido a que en las siguientes 24 horas se espera potencial de lluvias y probables tormentas con acumulados m\u00e1ximos en 24 horas de 50 a 70 mil\u00edmetros en cuencas del sur incluyendo Los Tuxtlas, siendo mayores en la zona monta\u00f1osa central.<\/p>\n\n\n\n<p>Adem\u00e1s, podr\u00edan continuar las nevadas, cencellada y la ca\u00edda de aguanieve en municipios de la sierra de Huayacocotla, Misantla y la regi\u00f3n monta\u00f1osa central, en zonas que se encuentran por arriba de los mil 600 metro sobre el nivel del mar.<\/p>\n\n\n\n<p>El evento de norte podr\u00eda alcanzar rachas de 90 a 110 kil\u00f3metros por hora en la zona costera central del territorio estatal, oleaje de tres a cinco metros de altura y un marcado descenso de la temperatura.<\/p>\n\n\n\n<p>\u201cEn Laguna Verde tenemos una racha de 110 kil\u00f3metros por hora y en la estaci\u00f3n de Apiver que se encuentra en el Puerto de Veracruz de 107 kil\u00f3metros por hora. Se prev\u00e9 que este viento tienda a disminuir en el transcurso de esta tarde noche\u201d, expres\u00f3 la especialista.<\/p>\n\n\n\n<p>En los siguientes dos a tres d\u00edas predominar\u00e1 el ambiente fresco a fr\u00edo con heladas en partes altas de las regiones monta\u00f1osas.<\/p>\n\n\n\n<p>Luna Lagunes tambi\u00e9n indic\u00f3 que se espera la ca\u00edda de nieve nuevamente en el Pico de Orizaba y el Cofre de Perote por los efectos del frente fr\u00edo n\u00famero 29 en el estado de Veracruz.<\/p>\n","protected":false},"excerpt":{"rendered":"<p>Juan Arcos Xalapa, Ver.- El hielo cubri\u00f3 la superficie de los \u00e1rboles en la zona monta\u00f1osa central de Veracruz por las bajas temperaturas que ha ocasionado el paso del frente fr\u00edo n\u00famero 29. La Secretar\u00eda de Protecci\u00f3n Civil (PC) report\u00f3 que esta situaci\u00f3n ocurri\u00f3 en la localidad 5 de Mayo, municipio de Tlacolulan, ubicado a [&hellip;]<\/p>\n","protected":false},"author":1,"featured_media":23473,"comment_status":"open","ping_status":"open","sticky":false,"template":"","format":"standard","meta":{"_jetpack_memberships_contains_paid_content":false,"footnotes":""},"categories":[8],"tags":[],"class_list":["post-23472","post","type-post","status-publish","format-standard","has-post-thumbnail","hentry","category-region"],"jetpack_featured_media_url":"https:\/\/encuentroinformativo.com.mx\/wp-content\/uploads\/2022\/02\/242AE00C-981C-44FB-870D-834793958A02.jpeg","jetpack_sharing_enabled":true,"jetpack_likes_enabled":true,"amp_enabled":true,"_links":{"self":[{"href":"https:\/\/encuentroinformativo.com.mx\/index.php?rest_route=\/wp\/v2\/posts\/23472","targetHints":{"allow":["GET"]}}],"collection":[{"href":"https:\/\/encuentroinformativo.com.mx\/index.php?rest_route=\/wp\/v2\/posts"}],"about":[{"href":"https:\/\/encuentroinformativo.com.mx\/index.php?rest_route=\/wp\/v2\/types\/post"}],"author":[{"embeddable":true,"href":"https:\/\/encuentroinformativo.com.mx\/index.php?rest_route=\/wp\/v2\/users\/1"}],"replies":[{"embeddable":true,"href":"https:\/\/encuentroinformativo.com.mx\/index.php?rest_route=%2Fwp%2Fv2%2Fcomments&post=23472"}],"version-history":[{"count":1,"href":"https:\/\/encuentroinformativo.com.mx\/index.php?rest_route=\/wp\/v2\/posts\/23472\/revisions"}],"predecessor-version":[{"id":23474,"href":"https:\/\/encuentroinformativo.com.mx\/index.php?rest_route=\/wp\/v2\/posts\/23472\/revisions\/23474"}],"wp:featuredmedia":[{"embeddable":true,"href":"https:\/\/encuentroinformativo.com.mx\/index.php?rest_route=\/wp\/v2\/media\/23473"}],"wp:attachment":[{"href":"https:\/\/encuentroinformativo.com.mx\/index.php?rest_route=%2Fwp%2Fv2%2Fmedia&parent=23472"}],"wp:term":[{"taxonomy":"category","embeddable":true,"href":"https:\/\/encuentroinformativo.com.mx\/index.php?rest_route=%2Fwp%2Fv2%2Fcategories&post=23472"},{"taxonomy":"post_tag","embeddable":true,"href":"https:\/\/encuentroinformativo.com.mx\/index.php?rest_route=%2Fwp%2Fv2%2Ftags&post=23472"}],"curies":[{"name":"wp","href":"https:\/\/api.w.org\/{rel}","templated":true}]}}