{"id":2348,"date":"2020-05-05T11:57:41","date_gmt":"2020-05-05T16:57:41","guid":{"rendered":"https:\/\/encuentroinformativo.com\/?p=2348"},"modified":"2020-05-05T11:57:44","modified_gmt":"2020-05-05T16:57:44","slug":"cuic-y-eric-sin-cubrebocas","status":"publish","type":"post","link":"https:\/\/encuentroinformativo.com.mx\/?p=2348","title":{"rendered":"Cuic y Eric, sin cubrebocas"},"content":{"rendered":"\n<p><strong>Los Pol\u00edticos<\/strong><\/p>\n\n\n\n<p><strong>Salvador Mu\u00f1oz<\/strong><br><\/p>\n\n\n\n<p>La p\u00e1gina de Cuitl\u00e1huac Garc\u00eda Jim\u00e9nez en Facebook sube una foto donde anuncia la bienvenida al Comandante de la 19 Zona Militar de la Sedena, General Marco Antonio \u00c1lvarez, a la reuni\u00f3n de la Coordinaci\u00f3n para la Construcci\u00f3n de la Paz, que a la vez report\u00f3 que el domingo registraron cero homicidios, mientras que la SSP reporta 21 detenidos (uno de ellos se les \u201cmuri\u00f3\u201d) y FGE, 5 mandamientos judiciales.<\/p>\n\n\n\n<p>La imagen en s\u00ed, es extraordinaria desde el momento en que los uniformados traen cubrebocas, mientras que Cuitl\u00e1huac Garc\u00eda Jim\u00e9nez como Eric Cisneros, no. Uno, como ciudadano, se pregunta los motivos de los funcionarios estatales para no usar este aditamento de prevenci\u00f3n mientras que los militares s\u00ed. Ac\u00e1, algunas ideas\u2026<\/p>\n\n\n\n<p>* No lo llevan porque de seguro traen en sus carteras, estampitas capaz de hacer retroceder cualquier plaga&#8230;<\/p>\n\n\n\n<p>* Quiz\u00e1s no lo usan porque son \u201chonrados\u201d, \u201chonestos\u201d, lo que de cierto modo, les da la \u201cFuerza Moral\u201d que debilita la maldad del Covid-19\u2026<\/p>\n\n\n\n<p>* Lo que nos lleva a pensar que cualquier miembro de Morena es inmune a este virus\u2026<\/p>\n\n\n\n<p>* O simplemente no lo usan por la misma raz\u00f3n que Andr\u00e9s Manuel L\u00f3pez Obrador ni Hugo L\u00f3pez Gatell lo ocupan\u2026 El primero, porque usarlo implicar\u00eda que est\u00e1 perdiendo la batalla ante la pandemia y lo pondr\u00eda en el lugar que le corresponde y aun la investidura no lo protege: poblaci\u00f3n de alto riesgo. El segundo, porque de hacerlo, se vendr\u00eda abajo todo el argumento que ha hecho con respecto al cuidado y prevenci\u00f3n que se debe tener ante la pandemia sustentada en dos troncos: Susana Distancia y Qu\u00e9date en Casa, su panacea morena.<\/p>\n\n\n\n<p>* Pero, ni Cuitl\u00e1huac ni Eric son AMLO o L\u00f3pez Gatell, por lo que tranquilamente podr\u00edamos eliminar a medias esta idea y dejarlo en que simplemente act\u00faan por simple reflejo\u2026 si en un remoto caso, L\u00f3pez Obrador se pusiera un cubrebocas, de inmediato igual los funcionarios veracruzanos lo utilizar\u00edan.<\/p>\n\n\n\n<p>Mientras, creo que seguiremos viendo a un Cuitl\u00e1huac retando al Covid-19; a un Eric Cisneros Burgos, toc\u00e1ndose la cara sin empacho alguno durante la citada reuni\u00f3n al inicio de estos comentarios; a un Roberto Ramos Alor paseando por centros de salud con el bigote al descubierto\u2026<\/p>\n\n\n\n<p>Y quiz\u00e1s por eso, encuentre yo a un estibador en la Rotonda donde compramos verduras, con un espantoso ataque de tos que, toquemos madera, sea producto de una alergia, de alg\u00fan \u201cpeluche\u201d atravesado\u2026 y quiz\u00e1s por eso, se encuentre a un joven pachanguero, a las siete de la ma\u00f1ana del s\u00e1bado, con ataque de tos que le impide la charla con su compa\u00f1ero de farra\u2026 y quiz\u00e1s por eso, uno sea mal visto por los transe\u00fantes que no usan cubrebocas&#8230; quienes lo usamos somos \u201clos raros\u201d, los \u201cparanoicos\u201d, los \u201cexagerados\u201d, los \u201chipocondr\u00edacos\u201d&#8230; \u00a1Para qu\u00e9 usarlo! Cuando todo mundo anda como si nada por las calles, en los parques, en los camiones de servicio urbano\u2026<\/p>\n\n\n\n<p>\u00bfQue en Espa\u00f1a, ya casi saliendo de la Pandemia, a\u00fan es obligatorio circular con cubrebocas? Bueno, pero eso es all\u00e1, ac\u00e1 en Veracruz, donde las autoridades estatales se dejan impregnar por la Fuerza Moral de su Tlatoani (la que por cierto no protegi\u00f3 a la familia de Hip\u00f3lito Rodr\u00edguez Herrero), cada quien hace lo que quiere\u2026<\/p>\n\n\n\n<p>Qu\u00e9 importa que de manera sorpresiva, la entidad est\u00e9 en estos momentos ocupando el quinto lugar nacional con casos de Covid-19 \u00a1y ojo!, recuerden que en estas lides, somos muy competitivos y ah\u00ed tenemos de muestra los casos de dengue, donde tenemos el primer lugar hasta marzo\u2026 as\u00ed que si dejamos el quinto lugar, no se sorprenda\u2026 ni tampoco ver en la calle a la gente como si nada\u2026 mejor s\u00edgase sorprendiendo de ver al Gobernador en cada reuni\u00f3n, sin usar cubrebocas porque al parecer, todo indica que seguimos viviendo en el Veracruz donde no pasa nada.<br><\/p>\n\n\n\n<p><strong>Do\u00f1a Lety precisa<\/strong><br>V\u00eda mensaje, Do\u00f1a Lety precisa datos sobre \u201c\u00bfEl Sagitario de Orizaba?\u201d:&nbsp; que a Juan Santos lo mataron en La Taberna; El Mamitas es de To\u00f1o Rodr\u00edguez y Las Mu\u00f1ecas, de \u00c1ngel Castro; agrega que no fue cantante, \u201cyo era mesera de El Torito orgullosamente y no tengo bares con ni\u00f1as&#8230; ya me retir\u00e9 de eso\u201d; aunque por recomendaci\u00f3n de su doctor, abri\u00f3 una cantina: \u201cahora tengo un botanero\u201d. En pocas palabras, se deslinda del funcionamiento \u201cextracurricular\u201d que pudiera haber en el \u00e9mulo del \u201cSagitario\u201d, el Motel Discovery.<br><\/p>\n\n\n\n<p><a href=\"mailto:smcainito@gmail.com\" target=\"_blank\" rel=\"noreferrer noopener\">smcainito@gmail.com<\/a><\/p>\n","protected":false},"excerpt":{"rendered":"<p>Los Pol\u00edticos Salvador Mu\u00f1oz La p\u00e1gina de Cuitl\u00e1huac Garc\u00eda Jim\u00e9nez en Facebook sube una foto donde anuncia la bienvenida al Comandante de la 19 Zona Militar de la Sedena, General Marco Antonio \u00c1lvarez, a la reuni\u00f3n de la Coordinaci\u00f3n para la Construcci\u00f3n de la Paz, que a la vez report\u00f3 que el domingo registraron cero [&hellip;]<\/p>\n","protected":false},"author":1,"featured_media":387,"comment_status":"open","ping_status":"open","sticky":false,"template":"","format":"standard","meta":{"_jetpack_memberships_contains_paid_content":false,"footnotes":""},"categories":[11],"tags":[],"class_list":["post-2348","post","type-post","status-publish","format-standard","has-post-thumbnail","hentry","category-opinion"],"jetpack_featured_media_url":"https:\/\/encuentroinformativo.com.mx\/wp-content\/uploads\/2020\/03\/7CF8A22B-2764-47BE-8F7F-38FE9E5D6A2F.jpeg","jetpack_sharing_enabled":true,"jetpack_likes_enabled":true,"amp_enabled":true,"_links":{"self":[{"href":"https:\/\/encuentroinformativo.com.mx\/index.php?rest_route=\/wp\/v2\/posts\/2348","targetHints":{"allow":["GET"]}}],"collection":[{"href":"https:\/\/encuentroinformativo.com.mx\/index.php?rest_route=\/wp\/v2\/posts"}],"about":[{"href":"https:\/\/encuentroinformativo.com.mx\/index.php?rest_route=\/wp\/v2\/types\/post"}],"author":[{"embeddable":true,"href":"https:\/\/encuentroinformativo.com.mx\/index.php?rest_route=\/wp\/v2\/users\/1"}],"replies":[{"embeddable":true,"href":"https:\/\/encuentroinformativo.com.mx\/index.php?rest_route=%2Fwp%2Fv2%2Fcomments&post=2348"}],"version-history":[{"count":1,"href":"https:\/\/encuentroinformativo.com.mx\/index.php?rest_route=\/wp\/v2\/posts\/2348\/revisions"}],"predecessor-version":[{"id":2349,"href":"https:\/\/encuentroinformativo.com.mx\/index.php?rest_route=\/wp\/v2\/posts\/2348\/revisions\/2349"}],"wp:featuredmedia":[{"embeddable":true,"href":"https:\/\/encuentroinformativo.com.mx\/index.php?rest_route=\/wp\/v2\/media\/387"}],"wp:attachment":[{"href":"https:\/\/encuentroinformativo.com.mx\/index.php?rest_route=%2Fwp%2Fv2%2Fmedia&parent=2348"}],"wp:term":[{"taxonomy":"category","embeddable":true,"href":"https:\/\/encuentroinformativo.com.mx\/index.php?rest_route=%2Fwp%2Fv2%2Fcategories&post=2348"},{"taxonomy":"post_tag","embeddable":true,"href":"https:\/\/encuentroinformativo.com.mx\/index.php?rest_route=%2Fwp%2Fv2%2Ftags&post=2348"}],"curies":[{"name":"wp","href":"https:\/\/api.w.org\/{rel}","templated":true}]}}