{"id":23484,"date":"2022-02-13T16:44:24","date_gmt":"2022-02-13T22:44:24","guid":{"rendered":"https:\/\/encuentroinformativo.com.mx\/?p=23484"},"modified":"2022-02-13T16:44:27","modified_gmt":"2022-02-13T22:44:27","slug":"ambientalistas-preparan-protestas-contra-mineria","status":"publish","type":"post","link":"https:\/\/encuentroinformativo.com.mx\/?p=23484","title":{"rendered":"Ambientalistas preparan protestas contra miner\u00eda"},"content":{"rendered":"\n<p><strong>Juan Arcos <\/strong><\/p>\n\n\n\n<p>Xalapa, Ver.- Ambientalistas de Veracruz preparan protestas en la ciudad capital para exigir al gobierno estatal que declare a la entidad libre de miner\u00eda t\u00f3xica.<\/p>\n\n\n\n<p>De acuerdo con el integrante de La Asamblea Veracruzana de Iniciativas y Defensa Ambiental, Guillermo Rodr\u00edguez Curiel, continuar\u00e1n las acciones en el territorio estatal, en defensa del entorno ecol\u00f3gico.<\/p>\n\n\n\n<p>Se busca evitar que las empresas mineras, principalmente de Canad\u00e1, contin\u00faen da\u00f1ando al ambiente y a las comunidades.<\/p>\n\n\n\n<p>El ecologista recuerda que hay proyectos mineros vigentes en los municipios de Actopan y Alto Lucero, en la zona costera del estado.<\/p>\n\n\n\n<p>Por tal motivo, en abril pr\u00f3ximo, los defensores del medio ambiente saldr\u00e1n a las calles en la ciudad de Xalapa, para que los gobiernos detengan dicha situaci\u00f3n.<\/p>\n\n\n\n<p>\u201cEstamos pensando concretamente para abril las protestas, estamos planteando al gobernador que decrete al estado libre de miner\u00eda t\u00f3xica. El 22 de abril que es el d\u00eda mundial de la tierra s\u00ed tenemos planeada una peque\u00f1a movilizaci\u00f3n\u201d, expres\u00f3 Rodr\u00edguez Curiel.<\/p>\n\n\n\n<p>El activista aclar\u00f3 que la protesta se llevar\u00e1 a cabo con un peque\u00f1o n\u00famero de personas para evitar contagios de Sars-Cov2 (Covid-19).<\/p>\n\n\n\n<p>Las agrupaciones de activistas consideran que contin\u00faan siendo constantes los ataques en contra del territorio, sobre todo por \u201cproyectos de muerte\u201d que atentan contra el entorno ecol\u00f3gico.<\/p>\n","protected":false},"excerpt":{"rendered":"<p>Juan Arcos Xalapa, Ver.- Ambientalistas de Veracruz preparan protestas en la ciudad capital para exigir al gobierno estatal que declare a la entidad libre de miner\u00eda t\u00f3xica. De acuerdo con el integrante de La Asamblea Veracruzana de Iniciativas y Defensa Ambiental, Guillermo Rodr\u00edguez Curiel, continuar\u00e1n las acciones en el territorio estatal, en defensa del entorno [&hellip;]<\/p>\n","protected":false},"author":1,"featured_media":23485,"comment_status":"open","ping_status":"open","sticky":false,"template":"","format":"standard","meta":{"_jetpack_memberships_contains_paid_content":false,"footnotes":""},"categories":[8],"tags":[],"class_list":["post-23484","post","type-post","status-publish","format-standard","has-post-thumbnail","hentry","category-region"],"jetpack_featured_media_url":"https:\/\/encuentroinformativo.com.mx\/wp-content\/uploads\/2022\/02\/CF2607E3-24C4-4DFC-BE2D-64BF2198B273.jpeg","jetpack_sharing_enabled":true,"jetpack_likes_enabled":true,"amp_enabled":true,"_links":{"self":[{"href":"https:\/\/encuentroinformativo.com.mx\/index.php?rest_route=\/wp\/v2\/posts\/23484","targetHints":{"allow":["GET"]}}],"collection":[{"href":"https:\/\/encuentroinformativo.com.mx\/index.php?rest_route=\/wp\/v2\/posts"}],"about":[{"href":"https:\/\/encuentroinformativo.com.mx\/index.php?rest_route=\/wp\/v2\/types\/post"}],"author":[{"embeddable":true,"href":"https:\/\/encuentroinformativo.com.mx\/index.php?rest_route=\/wp\/v2\/users\/1"}],"replies":[{"embeddable":true,"href":"https:\/\/encuentroinformativo.com.mx\/index.php?rest_route=%2Fwp%2Fv2%2Fcomments&post=23484"}],"version-history":[{"count":1,"href":"https:\/\/encuentroinformativo.com.mx\/index.php?rest_route=\/wp\/v2\/posts\/23484\/revisions"}],"predecessor-version":[{"id":23486,"href":"https:\/\/encuentroinformativo.com.mx\/index.php?rest_route=\/wp\/v2\/posts\/23484\/revisions\/23486"}],"wp:featuredmedia":[{"embeddable":true,"href":"https:\/\/encuentroinformativo.com.mx\/index.php?rest_route=\/wp\/v2\/media\/23485"}],"wp:attachment":[{"href":"https:\/\/encuentroinformativo.com.mx\/index.php?rest_route=%2Fwp%2Fv2%2Fmedia&parent=23484"}],"wp:term":[{"taxonomy":"category","embeddable":true,"href":"https:\/\/encuentroinformativo.com.mx\/index.php?rest_route=%2Fwp%2Fv2%2Fcategories&post=23484"},{"taxonomy":"post_tag","embeddable":true,"href":"https:\/\/encuentroinformativo.com.mx\/index.php?rest_route=%2Fwp%2Fv2%2Ftags&post=23484"}],"curies":[{"name":"wp","href":"https:\/\/api.w.org\/{rel}","templated":true}]}}