{"id":23487,"date":"2022-02-14T09:34:42","date_gmt":"2022-02-14T15:34:42","guid":{"rendered":"https:\/\/encuentroinformativo.com.mx\/?p=23487"},"modified":"2022-02-14T09:34:45","modified_gmt":"2022-02-14T15:34:45","slug":"sergio-nahle-y-sheinbaum","status":"publish","type":"post","link":"https:\/\/encuentroinformativo.com.mx\/?p=23487","title":{"rendered":"Sergio, Nahle y Sheinbaum"},"content":{"rendered":"\n<p><strong>Los Pol\u00edticos<\/strong><\/p>\n\n\n\n<p><strong>Salvador Mu\u00f1oz<\/strong><\/p>\n\n\n\n<p>La pol\u00edtica es constancia, conciencia y circunstancia, rezaba Miguel Alem\u00e1n\u2026 los maestros de las secciones 32 y 56 agregar\u00edan: \u00a1y Oportunidad!<\/p>\n\n\n\n<p>Y as\u00ed lo hicieron patente el pasado s\u00e1bado, cuando se reunieron con el diputado Sergio Guti\u00e9rrez Luna en el puerto, donde no s\u00f3lo aprovecharon conocer la propuesta de la Reforma El\u00e9ctrica en voz del legislador, sino que tambi\u00e9n vieron la oportunidad de encargarle que tome en cuenta la iniciativa para reformar la Unidad del Sistema para la Carrera de las Maestras y los Maestros solicitada por docentes veracruzanos y del pa\u00eds en general.<\/p>\n\n\n\n<p>\u00a1Ojo! porque el aforo que tuvo Guti\u00e9rrez Luna este fin de semana con los maestros, es para llamar la atenci\u00f3n, porque no es la primera vez que el magisterio responde al llamado del legislador y eso, sin duda, debe preocupar en parte a Roc\u00edo Nahle, quien para hablar de la Reforma El\u00e9ctrica tiene que recurrir al acarreo\u2026<\/p>\n\n\n\n<p>Se insiste\u2026 la pol\u00edtica es constancia, como la que aplica Guti\u00e9rrez Luna; conciencia, como la de los maestros, quienes hicieron escuchar sus preocupaciones para que les respondiera el legislador con respeto y claridad; y circunstancias, como las que podr\u00edan acompa\u00f1ar a Roc\u00edo Nahle a partir de la \u00faltima encuesta que Arias Consultores dio a conocer con respecto a los Gobernadores\u2026 \u00bfy c\u00f3mo beneficiar\u00eda esto a la secretaria de Energ\u00eda? Me explico:<\/p>\n\n\n\n<p>El cinco de julio del 2021, el presidente habl\u00f3 de un relevo generacional y calific\u00f3 como presidenciables a Claudia Sheinbaum, Marcelo Ebrard, Juan Ram\u00f3n de la Fuente, Esteban Moctezuma, Tatiana Clouthier y a Roc\u00edo Nahle\u2026<\/p>\n\n\n\n<p>De inmediato, los morenos enfilaron a la jefa de Gobierno de la Ciudad de M\u00e9xico como \u00fanica presidenciable y a Nahle (tema de nuestro inter\u00e9s), los morenos veracruzanos la encasillaron para la candidatura por la gubernatura al 2024 sin que ello pareciera molestar a la funcionaria.<\/p>\n\n\n\n<p>Sin embargo, dos circunstancias pudieran darle a Roc\u00edo Nahle algo m\u00e1s all\u00e1 de la conciencia y constancia: \u00a1una oportunidad a la grande!<\/p>\n\n\n\n<p>La primera circunstancia es el mismo presidente\u2026 la segunda circunstancia, la imagen de Claudia Sheinbaum\u2026<\/p>\n\n\n\n<p>Es claro que el presidente es de cierto modo un pol\u00edtico ocurrente, \u201cide\u00e1tico\u201d, que si se le atraviesa el tener a una mujer para la presidencia en el 2024, \u00a1ni quien le haga cambiar! Agregue a ello que en la encuesta de Diciembre de 2020 de Arias Consultores, Claudia Sheinbaum, gobernadora de la Ciudad de M\u00e9xico, ocupaba el tercer lugar en desempe\u00f1o s\u00f3lo superada por Omar Fayad (segundo lugar, Hidalgo) y Mauricio Vila Dosal (Primer lugar, Yucat\u00e1n)&#8230; En&nbsp; la m\u00e1s reciente encuesta de Arias Consultores (Diciembre 2021), Sheinbaum, del tercer lugar, \u00a1cae al once! Y todo indica que el descenso en la percepci\u00f3n social seguir\u00e1\u2026 lo que podr\u00eda ser motivo para encauzar a la veracruteca o zacarocha en pos de la presidencia\u2026 \u00bfrecuerda cu\u00e1ndo fue la \u00faltima vez que un veracruzano estuvo compitiendo en las grandes ligas all\u00e1 en el Altiplano?<\/p>\n\n\n\n<p>Bueno, pues esa misma oportunidad que las circunstancias le pueden dar a Nahle, convida sin querer a otros morenos pero en Veracruz\u2026<\/p>\n\n\n\n<p>Entre morenos de las grandes ligas no es un secreto que el presidente es un pol\u00edtico al que le gusta tener el pulso de sus bodoques y de sus proyectos, por lo que cada tres meses tiene su Qui\u00e9n es Qui\u00e9n en las preferencias electorales en todo el pa\u00eds, y los n\u00fameros, al menos en Veracruz, se inclinan por quienes est\u00e1n haciendo trabajo a ras de suelo, con la gente, con el pueblo, como a AMLO le gusta\u2026 mientras, no deber\u00eda de sorprender esta hip\u00f3tesis\u2026 m\u00e1s nos ha sorprendido el Presidente y ya debemos de estar acostumbrados a sus ideas, a sus ocurrencias, a sus propuestas\u2026<\/p>\n\n\n\n<p><a href=\"mailto:smcainito@gmail.com\" target=\"_blank\" rel=\"noreferrer noopener\">smcainito@gmail.com<\/a><\/p>\n","protected":false},"excerpt":{"rendered":"<p>Los Pol\u00edticos Salvador Mu\u00f1oz La pol\u00edtica es constancia, conciencia y circunstancia, rezaba Miguel Alem\u00e1n\u2026 los maestros de las secciones 32 y 56 agregar\u00edan: \u00a1y Oportunidad! Y as\u00ed lo hicieron patente el pasado s\u00e1bado, cuando se reunieron con el diputado Sergio Guti\u00e9rrez Luna en el puerto, donde no s\u00f3lo aprovecharon conocer la propuesta de la Reforma [&hellip;]<\/p>\n","protected":false},"author":1,"featured_media":387,"comment_status":"open","ping_status":"open","sticky":false,"template":"","format":"standard","meta":{"_jetpack_memberships_contains_paid_content":false,"footnotes":""},"categories":[11],"tags":[],"class_list":["post-23487","post","type-post","status-publish","format-standard","has-post-thumbnail","hentry","category-opinion"],"jetpack_featured_media_url":"https:\/\/encuentroinformativo.com.mx\/wp-content\/uploads\/2020\/03\/7CF8A22B-2764-47BE-8F7F-38FE9E5D6A2F.jpeg","jetpack_sharing_enabled":true,"jetpack_likes_enabled":true,"amp_enabled":true,"_links":{"self":[{"href":"https:\/\/encuentroinformativo.com.mx\/index.php?rest_route=\/wp\/v2\/posts\/23487","targetHints":{"allow":["GET"]}}],"collection":[{"href":"https:\/\/encuentroinformativo.com.mx\/index.php?rest_route=\/wp\/v2\/posts"}],"about":[{"href":"https:\/\/encuentroinformativo.com.mx\/index.php?rest_route=\/wp\/v2\/types\/post"}],"author":[{"embeddable":true,"href":"https:\/\/encuentroinformativo.com.mx\/index.php?rest_route=\/wp\/v2\/users\/1"}],"replies":[{"embeddable":true,"href":"https:\/\/encuentroinformativo.com.mx\/index.php?rest_route=%2Fwp%2Fv2%2Fcomments&post=23487"}],"version-history":[{"count":1,"href":"https:\/\/encuentroinformativo.com.mx\/index.php?rest_route=\/wp\/v2\/posts\/23487\/revisions"}],"predecessor-version":[{"id":23488,"href":"https:\/\/encuentroinformativo.com.mx\/index.php?rest_route=\/wp\/v2\/posts\/23487\/revisions\/23488"}],"wp:featuredmedia":[{"embeddable":true,"href":"https:\/\/encuentroinformativo.com.mx\/index.php?rest_route=\/wp\/v2\/media\/387"}],"wp:attachment":[{"href":"https:\/\/encuentroinformativo.com.mx\/index.php?rest_route=%2Fwp%2Fv2%2Fmedia&parent=23487"}],"wp:term":[{"taxonomy":"category","embeddable":true,"href":"https:\/\/encuentroinformativo.com.mx\/index.php?rest_route=%2Fwp%2Fv2%2Fcategories&post=23487"},{"taxonomy":"post_tag","embeddable":true,"href":"https:\/\/encuentroinformativo.com.mx\/index.php?rest_route=%2Fwp%2Fv2%2Ftags&post=23487"}],"curies":[{"name":"wp","href":"https:\/\/api.w.org\/{rel}","templated":true}]}}