{"id":23491,"date":"2022-02-14T10:54:50","date_gmt":"2022-02-14T16:54:50","guid":{"rendered":"https:\/\/encuentroinformativo.com.mx\/?p=23491"},"modified":"2022-02-14T10:54:54","modified_gmt":"2022-02-14T16:54:54","slug":"inicia-vacunacion-de-refuerzo-en-40-municipios","status":"publish","type":"post","link":"https:\/\/encuentroinformativo.com.mx\/?p=23491","title":{"rendered":"Inicia vacunaci\u00f3n de refuerzo en 40 municipios"},"content":{"rendered":"\n<p><strong>Dar\u00edo Pale <\/strong><\/p>\n\n\n\n<p>Xalapa, Ver.- El delegado de los programas federales en Veracruz, Manuel Huerta Ladr\u00f3n de Guevara dio a conocer que hoy inicio la vacunaci\u00f3n de refuerzo en 40 municipios para sector de 30 a 39, tambi\u00e9n habr\u00e1 m\u00f3dulos polivalentes para vacunar a otros sectores.<\/p>\n\n\n\n<p>En entrevista se\u00f1al\u00f3 que a partir de este 15 de febrero se abre la vacunaci\u00f3n de refuerzo para el sector de la poblaci\u00f3n de 30 a 39 a\u00f1os de edad, sin embargo, record\u00f3 que los m\u00f3dulos ser\u00e1n polivalentes, es decir podr\u00e1n acudir todos aquellos que no pudieron vacunarse y que son de otras edades.<\/p>\n\n\n\n<p>Se\u00f1al\u00f3 que en la capital veracruzana se estar\u00e1n abriendo las sedes de la Escuela Normal Veracruzana, el nido del Halc\u00f3n, la escuela secundaria t\u00e9cnica n\u00famero 97 en El Sumidero, la torre El Olmo, as\u00ed como en el sal\u00f3n ejidal de El Castillo.<\/p>\n\n\n\n<p>Dio a conocer que se aplicar\u00e1 la vacuna en m\u00e1s de 40 municipios, entre \u00e9stos Xalapa, Veracruz, Huatusco, Tuxpan, Fort\u00edn, C\u00f3rdoba, P\u00e1nuco, San Andr\u00e9s Tuxtla, Tlacotlalpan, Cosamaloapan, Mart\u00ednez de la Torre, entre otros.<\/p>\n\n\n\n<p>En el caso de Xalapa se vacunar\u00e1 con base en la primera letra del primer apellido y por ello pidi\u00f3 acudir con base en esto y llevar sus documentos, y que la vacuna sigue siendo el elemento m\u00e1s importante para evitar los contagios por Covid-19.<\/p>\n\n\n\n<p>Para el caso del sector 30 a 39 esperan vacunar 70 mil personas, as\u00ed como unas mil embarazadas, que no se han aplicado la vacuna de refuerzo.<\/p>\n\n\n\n<p>Finalmente, adelant\u00f3 que en los municipios de Banderilla y Emiliano Zapata, Coatepec, entre otros cercanos a Xalapa, ser\u00e1n vacunados a partir del 22 de febrero.<\/p>\n","protected":false},"excerpt":{"rendered":"<p>Dar\u00edo Pale Xalapa, Ver.- El delegado de los programas federales en Veracruz, Manuel Huerta Ladr\u00f3n de Guevara dio a conocer que hoy inicio la vacunaci\u00f3n de refuerzo en 40 municipios para sector de 30 a 39, tambi\u00e9n habr\u00e1 m\u00f3dulos polivalentes para vacunar a otros sectores. En entrevista se\u00f1al\u00f3 que a partir de este 15 de [&hellip;]<\/p>\n","protected":false},"author":1,"featured_media":23492,"comment_status":"open","ping_status":"open","sticky":false,"template":"","format":"standard","meta":{"_jetpack_memberships_contains_paid_content":false,"footnotes":""},"categories":[9],"tags":[],"class_list":["post-23491","post","type-post","status-publish","format-standard","has-post-thumbnail","hentry","category-salud"],"jetpack_featured_media_url":"https:\/\/encuentroinformativo.com.mx\/wp-content\/uploads\/2022\/02\/888FC350-4FD1-4E26-8FC8-73E80A65AFD4.jpeg","jetpack_sharing_enabled":true,"jetpack_likes_enabled":true,"amp_enabled":true,"_links":{"self":[{"href":"https:\/\/encuentroinformativo.com.mx\/index.php?rest_route=\/wp\/v2\/posts\/23491","targetHints":{"allow":["GET"]}}],"collection":[{"href":"https:\/\/encuentroinformativo.com.mx\/index.php?rest_route=\/wp\/v2\/posts"}],"about":[{"href":"https:\/\/encuentroinformativo.com.mx\/index.php?rest_route=\/wp\/v2\/types\/post"}],"author":[{"embeddable":true,"href":"https:\/\/encuentroinformativo.com.mx\/index.php?rest_route=\/wp\/v2\/users\/1"}],"replies":[{"embeddable":true,"href":"https:\/\/encuentroinformativo.com.mx\/index.php?rest_route=%2Fwp%2Fv2%2Fcomments&post=23491"}],"version-history":[{"count":1,"href":"https:\/\/encuentroinformativo.com.mx\/index.php?rest_route=\/wp\/v2\/posts\/23491\/revisions"}],"predecessor-version":[{"id":23493,"href":"https:\/\/encuentroinformativo.com.mx\/index.php?rest_route=\/wp\/v2\/posts\/23491\/revisions\/23493"}],"wp:featuredmedia":[{"embeddable":true,"href":"https:\/\/encuentroinformativo.com.mx\/index.php?rest_route=\/wp\/v2\/media\/23492"}],"wp:attachment":[{"href":"https:\/\/encuentroinformativo.com.mx\/index.php?rest_route=%2Fwp%2Fv2%2Fmedia&parent=23491"}],"wp:term":[{"taxonomy":"category","embeddable":true,"href":"https:\/\/encuentroinformativo.com.mx\/index.php?rest_route=%2Fwp%2Fv2%2Fcategories&post=23491"},{"taxonomy":"post_tag","embeddable":true,"href":"https:\/\/encuentroinformativo.com.mx\/index.php?rest_route=%2Fwp%2Fv2%2Ftags&post=23491"}],"curies":[{"name":"wp","href":"https:\/\/api.w.org\/{rel}","templated":true}]}}