{"id":23497,"date":"2022-02-14T12:15:04","date_gmt":"2022-02-14T18:15:04","guid":{"rendered":"https:\/\/encuentroinformativo.com.mx\/?p=23497"},"modified":"2022-02-14T12:15:07","modified_gmt":"2022-02-14T18:15:07","slug":"rafaguean-camioneta-en-rio-medio-una-persona-herida","status":"publish","type":"post","link":"https:\/\/encuentroinformativo.com.mx\/?p=23497","title":{"rendered":"Rafaguean camioneta en R\u00edo Medio, una persona herida"},"content":{"rendered":"\n<p><strong>Alejandro \u00c1vila\u00a0<\/strong><\/p>\n\n\n\n<p>Veracruz, Ver.- Al menos una persona herida de gravedad, fue el resultado de una balacera que se suscit\u00f3 en la colonia R\u00edo Medio 3, al norte de la ciudad de Veracruz.<\/p>\n\n\n\n<p>El n\u00famero de emergencia 911, recibi\u00f3 un reporte de diversos disparos de arma de fuego pasadas las 11 de la ma\u00f1ana; las corporaciones policiales de la Secretar\u00eda de Seguridad P\u00fablica, Polic\u00eda Naval y Polic\u00eda Municipal, llegaron al punto mencionado en la colonia R\u00edo Medio 3.<\/p>\n\n\n\n<p>En las calles Necaxa esquina Camino Real, cerca de la conocida tortiller\u00eda &#8220;Kike&#8221;, encontraron una camioneta Jeep, tipo Grand Cherokee, color blanca, rafagueada y a su alrededor varios casquillos de alto calibre; al menos dos veh\u00edculos m\u00e1s tambi\u00e9n recibieron impactos de bala, y cerca de un domicilio se encontraba un charco de sangre.<\/p>\n\n\n\n<p>Los param\u00e9dicos de la Cruz Roja trasladaron a una persona herida de gravedad a un hospital de la conurbaci\u00f3n; sin hasta el momento identificar al sujeto fue agredido.<\/p>\n\n\n\n<p>Los elementos policiales acordonaron el \u00e1rea y desplegaron un fuerte operativo por la zona para intentar dar con los responsables de este ataque; mientras qu\u00e9 otro grupo esperaba la llegada de la Polic\u00eda Ministerial, para que abriera la carpeta de investigaci\u00f3n y realizar las indagatorias pertinentes.<\/p>\n\n\n\n<figure class=\"wp-block-image size-large\"><img loading=\"lazy\" decoding=\"async\" width=\"1024\" height=\"768\" src=\"https:\/\/encuentroinformativo.com.mx\/wp-content\/uploads\/2022\/02\/C99C4A1A-01C9-4065-A727-D5D2612BF376-1024x768.jpeg\" alt=\"\" class=\"wp-image-23499\" srcset=\"https:\/\/encuentroinformativo.com.mx\/wp-content\/uploads\/2022\/02\/C99C4A1A-01C9-4065-A727-D5D2612BF376-1024x768.jpeg 1024w, https:\/\/encuentroinformativo.com.mx\/wp-content\/uploads\/2022\/02\/C99C4A1A-01C9-4065-A727-D5D2612BF376-300x225.jpeg 300w, https:\/\/encuentroinformativo.com.mx\/wp-content\/uploads\/2022\/02\/C99C4A1A-01C9-4065-A727-D5D2612BF376-768x576.jpeg 768w, https:\/\/encuentroinformativo.com.mx\/wp-content\/uploads\/2022\/02\/C99C4A1A-01C9-4065-A727-D5D2612BF376-1536x1152.jpeg 1536w, https:\/\/encuentroinformativo.com.mx\/wp-content\/uploads\/2022\/02\/C99C4A1A-01C9-4065-A727-D5D2612BF376.jpeg 1600w\" sizes=\"auto, (max-width: 1024px) 100vw, 1024px\" \/><\/figure>\n","protected":false},"excerpt":{"rendered":"<p>Alejandro \u00c1vila\u00a0 Veracruz, Ver.- Al menos una persona herida de gravedad, fue el resultado de una balacera que se suscit\u00f3 en la colonia R\u00edo Medio 3, al norte de la ciudad de Veracruz. El n\u00famero de emergencia 911, recibi\u00f3 un reporte de diversos disparos de arma de fuego pasadas las 11 de la ma\u00f1ana; las [&hellip;]<\/p>\n","protected":false},"author":1,"featured_media":23498,"comment_status":"open","ping_status":"open","sticky":false,"template":"","format":"standard","meta":{"_jetpack_memberships_contains_paid_content":false,"footnotes":""},"categories":[14],"tags":[],"class_list":["post-23497","post","type-post","status-publish","format-standard","has-post-thumbnail","hentry","category-policiaca"],"jetpack_featured_media_url":"https:\/\/encuentroinformativo.com.mx\/wp-content\/uploads\/2022\/02\/85888C48-0808-45C8-A855-9466784199F4.jpeg","jetpack_sharing_enabled":true,"jetpack_likes_enabled":true,"amp_enabled":true,"_links":{"self":[{"href":"https:\/\/encuentroinformativo.com.mx\/index.php?rest_route=\/wp\/v2\/posts\/23497","targetHints":{"allow":["GET"]}}],"collection":[{"href":"https:\/\/encuentroinformativo.com.mx\/index.php?rest_route=\/wp\/v2\/posts"}],"about":[{"href":"https:\/\/encuentroinformativo.com.mx\/index.php?rest_route=\/wp\/v2\/types\/post"}],"author":[{"embeddable":true,"href":"https:\/\/encuentroinformativo.com.mx\/index.php?rest_route=\/wp\/v2\/users\/1"}],"replies":[{"embeddable":true,"href":"https:\/\/encuentroinformativo.com.mx\/index.php?rest_route=%2Fwp%2Fv2%2Fcomments&post=23497"}],"version-history":[{"count":1,"href":"https:\/\/encuentroinformativo.com.mx\/index.php?rest_route=\/wp\/v2\/posts\/23497\/revisions"}],"predecessor-version":[{"id":23500,"href":"https:\/\/encuentroinformativo.com.mx\/index.php?rest_route=\/wp\/v2\/posts\/23497\/revisions\/23500"}],"wp:featuredmedia":[{"embeddable":true,"href":"https:\/\/encuentroinformativo.com.mx\/index.php?rest_route=\/wp\/v2\/media\/23498"}],"wp:attachment":[{"href":"https:\/\/encuentroinformativo.com.mx\/index.php?rest_route=%2Fwp%2Fv2%2Fmedia&parent=23497"}],"wp:term":[{"taxonomy":"category","embeddable":true,"href":"https:\/\/encuentroinformativo.com.mx\/index.php?rest_route=%2Fwp%2Fv2%2Fcategories&post=23497"},{"taxonomy":"post_tag","embeddable":true,"href":"https:\/\/encuentroinformativo.com.mx\/index.php?rest_route=%2Fwp%2Fv2%2Ftags&post=23497"}],"curies":[{"name":"wp","href":"https:\/\/api.w.org\/{rel}","templated":true}]}}