{"id":23501,"date":"2022-02-14T12:42:26","date_gmt":"2022-02-14T18:42:26","guid":{"rendered":"https:\/\/encuentroinformativo.com.mx\/?p=23501"},"modified":"2022-02-14T12:42:30","modified_gmt":"2022-02-14T18:42:30","slug":"reclaman-justicia-para-periodistas-asesinados-en-el-pais","status":"publish","type":"post","link":"https:\/\/encuentroinformativo.com.mx\/?p=23501","title":{"rendered":"Reclaman justicia para periodistas asesinados en el pa\u00eds"},"content":{"rendered":"\n<p><strong>Juan Arcos<\/strong><\/p>\n\n\n\n<p>Xalapa, Ver.- Un grupo de reporteras protest\u00f3 frente a Palacio de Gobierno para exigir que cesen los cr\u00edmenes de periodistas en el pa\u00eds.\u00a0<br>Se sumaron a la movilizaci\u00f3n nacional para reclamar justicia por los cinco comunicadores que han sido asesinados en lo que va de este a\u00f1o.<\/p>\n\n\n\n<p>Ana Laura P\u00e9rez Mendoza, expresidenta de la Comisi\u00f3n Estatal para la Atenci\u00f3n y Protecci\u00f3n de los Periodistas, se\u00f1al\u00f3 que Veracruz contin\u00faa siendo el estado m\u00e1s peligroso para ejercer el periodismo.<\/p>\n\n\n\n<p>Los cinco compa\u00f1eros fueron asesinados en los primeros 42 d\u00edas de este a\u00f1o. Se trata de Jos\u00e9 Luis Gamboa Arenas, Margarito Mart\u00ednez Esquivel, Lourdes Maldonado L\u00f3pez, Roberto Toledo Barrera y Heber L\u00f3pez V\u00e1zquez.<\/p>\n\n\n\n<p>De acuerdo con cifras de la organizaci\u00f3n Art\u00edculo 19, del a\u00f1o 2000 a la fecha, suman 150 asesinatos de periodistas en M\u00e9xico posiblemente relacionados con su labor.<\/p>\n\n\n\n<p>En el estado de Veracruz se contabilizan 31 asesinatos en el mismo periodo; Guerrero y Oaxaca con 15; Tamaulipas con 14; Chihuahua con 13.<\/p>\n\n\n\n<p>\u201cDichas agresiones son perpetradas por gobiernos coludidos con el crimen organizado\u201d, se\u00f1al\u00f3.<\/p>\n\n\n\n<p>Las periodistas tambi\u00e9n exigieron al gobierno de Veracruz que cesen los malos tratos hacia la prensa, luego de que Sarah Landa cuestionara al gobernador Cuitl\u00e1huac Garc\u00eda Jim\u00e9nez en una conferencia de prensa y \u00e9l enfureciera e intentara rega\u00f1arla.<\/p>\n","protected":false},"excerpt":{"rendered":"<p>Juan Arcos Xalapa, Ver.- Un grupo de reporteras protest\u00f3 frente a Palacio de Gobierno para exigir que cesen los cr\u00edmenes de periodistas en el pa\u00eds.\u00a0Se sumaron a la movilizaci\u00f3n nacional para reclamar justicia por los cinco comunicadores que han sido asesinados en lo que va de este a\u00f1o. Ana Laura P\u00e9rez Mendoza, expresidenta de la [&hellip;]<\/p>\n","protected":false},"author":1,"featured_media":23502,"comment_status":"open","ping_status":"open","sticky":false,"template":"","format":"standard","meta":{"_jetpack_memberships_contains_paid_content":false,"footnotes":""},"categories":[3],"tags":[],"class_list":["post-23501","post","type-post","status-publish","format-standard","has-post-thumbnail","hentry","category-xalapa"],"jetpack_featured_media_url":"https:\/\/encuentroinformativo.com.mx\/wp-content\/uploads\/2022\/02\/E7354872-84CF-47EA-8A84-ED24911AE8B5.jpeg","jetpack_sharing_enabled":true,"jetpack_likes_enabled":true,"amp_enabled":true,"_links":{"self":[{"href":"https:\/\/encuentroinformativo.com.mx\/index.php?rest_route=\/wp\/v2\/posts\/23501","targetHints":{"allow":["GET"]}}],"collection":[{"href":"https:\/\/encuentroinformativo.com.mx\/index.php?rest_route=\/wp\/v2\/posts"}],"about":[{"href":"https:\/\/encuentroinformativo.com.mx\/index.php?rest_route=\/wp\/v2\/types\/post"}],"author":[{"embeddable":true,"href":"https:\/\/encuentroinformativo.com.mx\/index.php?rest_route=\/wp\/v2\/users\/1"}],"replies":[{"embeddable":true,"href":"https:\/\/encuentroinformativo.com.mx\/index.php?rest_route=%2Fwp%2Fv2%2Fcomments&post=23501"}],"version-history":[{"count":1,"href":"https:\/\/encuentroinformativo.com.mx\/index.php?rest_route=\/wp\/v2\/posts\/23501\/revisions"}],"predecessor-version":[{"id":23503,"href":"https:\/\/encuentroinformativo.com.mx\/index.php?rest_route=\/wp\/v2\/posts\/23501\/revisions\/23503"}],"wp:featuredmedia":[{"embeddable":true,"href":"https:\/\/encuentroinformativo.com.mx\/index.php?rest_route=\/wp\/v2\/media\/23502"}],"wp:attachment":[{"href":"https:\/\/encuentroinformativo.com.mx\/index.php?rest_route=%2Fwp%2Fv2%2Fmedia&parent=23501"}],"wp:term":[{"taxonomy":"category","embeddable":true,"href":"https:\/\/encuentroinformativo.com.mx\/index.php?rest_route=%2Fwp%2Fv2%2Fcategories&post=23501"},{"taxonomy":"post_tag","embeddable":true,"href":"https:\/\/encuentroinformativo.com.mx\/index.php?rest_route=%2Fwp%2Fv2%2Ftags&post=23501"}],"curies":[{"name":"wp","href":"https:\/\/api.w.org\/{rel}","templated":true}]}}