{"id":23504,"date":"2022-02-14T12:56:29","date_gmt":"2022-02-14T18:56:29","guid":{"rendered":"https:\/\/encuentroinformativo.com.mx\/?p=23504"},"modified":"2022-02-14T12:56:33","modified_gmt":"2022-02-14T18:56:33","slug":"las-patronas-celebran-su-27-aniversario","status":"publish","type":"post","link":"https:\/\/encuentroinformativo.com.mx\/?p=23504","title":{"rendered":"Las Patronas celebran su 27 aniversario"},"content":{"rendered":"\n<p><strong>Alejandro \u00c1vila<\/strong><\/p>\n\n\n\n<p>Veracruz, Ver.- Este 14 de febrero el grupo &#8220;Las Patronas&#8221; se encuentra celebrando su 27 aniversario de fundaci\u00f3n; a trav\u00e9s de su cuenta de <em>Twitter<\/em>, recordaron que sus labores de apoyo sobre todo a migrantes, iniciaron un d\u00eda como hoy, pero de 1995.<\/p>\n\n\n\n<p>Las mujeres oriundas de la comunidad La Patrona en la localidad de Guadalupe, perteneciente al municipio de Amatl\u00e1n de Los Reyes en el estado de Veracruz, han ido creciendo poco a poco en sus apoyos; pues s\u00ed bien en un principio daban alimento algunos migrantes que pasaban por el lugar a bordo del tren conocido como &#8220;La Bestia&#8221;, ahora incluso permiten pernoctar y dan asistencia m\u00e9dica.<\/p>\n\n\n\n<p>Su labor altruista las has hecho acreedora a 2 Premios Nacionales de los Derechos Humanos, y fueron nominadas en 2015 al premio &#8220;Princesa de Asturias&#8221; en Espa\u00f1a.<\/p>\n\n\n\n<p>El grupo &#8220;Las Patronas&#8221; prepara cerca de 300 comidas diarias que lanzan a los migrantes durante el paso de &#8220;La Bestia&#8221; por el sitio donde tienen su sede; para esta labor, donde tambi\u00e9n reparten botellas con agua, disponen de aproximadamente de 15 minutos.<\/p>\n\n\n\n<p>Leonila V\u00e1zquez y Norma Romero fueron qui\u00e9nes iniciaron esta historia hace 27 a\u00f1os, hoy creando un grupo m\u00e1s nutrido de apoyo, y concretando el comedor comunitario &#8220;La Esperanza del Migrante&#8221;.<\/p>\n\n\n\n<p>Recientemente a trav\u00e9s de su cuenta de Twitter, &#8220;Las Patronas&#8221; anunciaron un cambio en su cuenta bancaria, para las personas que gusten aportar alguna ayuda econ\u00f3mica, siendo los nuevos datos los siguientes:<\/p>\n\n\n\n<p>Banco BBVA<br>N\u00famero de Cuenta 1592794524<br>Clabe 012855015927945243<br>Tarjeta 4152 3139 0160 3006<br>Titular&nbsp;Julia Ram\u00edrez Rojas<\/p>\n","protected":false},"excerpt":{"rendered":"<p>Alejandro \u00c1vila Veracruz, Ver.- Este 14 de febrero el grupo &#8220;Las Patronas&#8221; se encuentra celebrando su 27 aniversario de fundaci\u00f3n; a trav\u00e9s de su cuenta de Twitter, recordaron que sus labores de apoyo sobre todo a migrantes, iniciaron un d\u00eda como hoy, pero de 1995. Las mujeres oriundas de la comunidad La Patrona en la [&hellip;]<\/p>\n","protected":false},"author":1,"featured_media":23505,"comment_status":"open","ping_status":"open","sticky":false,"template":"","format":"standard","meta":{"_jetpack_memberships_contains_paid_content":false,"footnotes":""},"categories":[2],"tags":[],"class_list":["post-23504","post","type-post","status-publish","format-standard","has-post-thumbnail","hentry","category-estado"],"jetpack_featured_media_url":"https:\/\/encuentroinformativo.com.mx\/wp-content\/uploads\/2022\/02\/F22E3F54-0DB1-49F3-9DC4-8412F7BB77A6.jpeg","jetpack_sharing_enabled":true,"jetpack_likes_enabled":true,"amp_enabled":true,"_links":{"self":[{"href":"https:\/\/encuentroinformativo.com.mx\/index.php?rest_route=\/wp\/v2\/posts\/23504","targetHints":{"allow":["GET"]}}],"collection":[{"href":"https:\/\/encuentroinformativo.com.mx\/index.php?rest_route=\/wp\/v2\/posts"}],"about":[{"href":"https:\/\/encuentroinformativo.com.mx\/index.php?rest_route=\/wp\/v2\/types\/post"}],"author":[{"embeddable":true,"href":"https:\/\/encuentroinformativo.com.mx\/index.php?rest_route=\/wp\/v2\/users\/1"}],"replies":[{"embeddable":true,"href":"https:\/\/encuentroinformativo.com.mx\/index.php?rest_route=%2Fwp%2Fv2%2Fcomments&post=23504"}],"version-history":[{"count":1,"href":"https:\/\/encuentroinformativo.com.mx\/index.php?rest_route=\/wp\/v2\/posts\/23504\/revisions"}],"predecessor-version":[{"id":23506,"href":"https:\/\/encuentroinformativo.com.mx\/index.php?rest_route=\/wp\/v2\/posts\/23504\/revisions\/23506"}],"wp:featuredmedia":[{"embeddable":true,"href":"https:\/\/encuentroinformativo.com.mx\/index.php?rest_route=\/wp\/v2\/media\/23505"}],"wp:attachment":[{"href":"https:\/\/encuentroinformativo.com.mx\/index.php?rest_route=%2Fwp%2Fv2%2Fmedia&parent=23504"}],"wp:term":[{"taxonomy":"category","embeddable":true,"href":"https:\/\/encuentroinformativo.com.mx\/index.php?rest_route=%2Fwp%2Fv2%2Fcategories&post=23504"},{"taxonomy":"post_tag","embeddable":true,"href":"https:\/\/encuentroinformativo.com.mx\/index.php?rest_route=%2Fwp%2Fv2%2Ftags&post=23504"}],"curies":[{"name":"wp","href":"https:\/\/api.w.org\/{rel}","templated":true}]}}