{"id":23510,"date":"2022-02-14T13:30:10","date_gmt":"2022-02-14T19:30:10","guid":{"rendered":"https:\/\/encuentroinformativo.com.mx\/?p=23510"},"modified":"2022-02-14T13:30:14","modified_gmt":"2022-02-14T19:30:14","slug":"pan-va-sin-alianzas-para-elecciones-extraordinarias","status":"publish","type":"post","link":"https:\/\/encuentroinformativo.com.mx\/?p=23510","title":{"rendered":"PAN va sin alianzas para elecciones extraordinarias"},"content":{"rendered":"\n<p><strong>Dar\u00edo Pale<\/strong><\/p>\n\n\n\n<p>Xalapa, Ver.- La representante del Partido Acci\u00f3n Nacional (PAN), ante los \u00f3rganos electorales Ana Ledezma dio a conocer que su partido contender\u00e1 solo en las pr\u00f3ximas elecciones extraordinarias de los cuatro municipios, por lo que ya lanzaron convocatoria para registrar y elegir a nuevos candidatos.<\/p>\n\n\n\n<p>Entrevistada en las instalaciones de su partido se\u00f1al\u00f3 que ir\u00e1n solos en las elecciones extraordinarias que han de celebrarse en 4 municipios el pr\u00f3ximo 27 de marzo, y que por tiempos electorales no se pudo hacer la colaboraci\u00f3n con otros partidos pol\u00edticos para ir de manera unida en comicios extraordinario, es de recordar que en la pasada elecci\u00f3n PAN, PRI y PRD fueron juntos.<\/p>\n\n\n\n<p>Dio a conocer que tampoco repetir\u00e1n candidatos pues de acuerdo a los estatutos de su partido pol\u00edtico, se debe de lanzar una convocatoria para tener una elecci\u00f3n interna y que sea la propia militancia quienes decidan quienes los representar\u00e1n.<\/p>\n\n\n\n<p>&#8220;En cuanto a los procesos internos del PAN, la convocatoria es una invitaci\u00f3n y sali\u00f3 publicada anoche, \u00a0del 14 al 17 de febrero, para que cualquier ciudadano pueda participar, lo pueda hacer&#8221;, coment\u00f3.<\/p>\n\n\n\n<p>En otro orden de ideas, Ana Ledezma declar\u00f3 que en el tema de la seguridad, es obligaci\u00f3n y un derecho de la ciudadanos que se le garantice, por lo que para el d\u00eda de las elecciones se debe de tener, al igual que los 365 d\u00edas del a\u00f1o.<\/p>\n\n\n\n<p>Finalmente cabe recordar que para el 27 de marzo el OPLE, celebrar\u00e1 elecciones extraordinarias en 4 municipios que son Amatitl\u00e1n, Chiconamel, Tlacotepec de Mej\u00eda y Jes\u00fas Carranza.<\/p>\n","protected":false},"excerpt":{"rendered":"<p>Dar\u00edo Pale Xalapa, Ver.- La representante del Partido Acci\u00f3n Nacional (PAN), ante los \u00f3rganos electorales Ana Ledezma dio a conocer que su partido contender\u00e1 solo en las pr\u00f3ximas elecciones extraordinarias de los cuatro municipios, por lo que ya lanzaron convocatoria para registrar y elegir a nuevos candidatos. Entrevistada en las instalaciones de su partido se\u00f1al\u00f3 [&hellip;]<\/p>\n","protected":false},"author":1,"featured_media":23511,"comment_status":"open","ping_status":"open","sticky":false,"template":"","format":"standard","meta":{"_jetpack_memberships_contains_paid_content":false,"footnotes":""},"categories":[2],"tags":[],"class_list":["post-23510","post","type-post","status-publish","format-standard","has-post-thumbnail","hentry","category-estado"],"jetpack_featured_media_url":"https:\/\/encuentroinformativo.com.mx\/wp-content\/uploads\/2022\/02\/5F8658AA-B078-4C9B-A846-CC9100BA00BE.jpeg","jetpack_sharing_enabled":true,"jetpack_likes_enabled":true,"amp_enabled":true,"_links":{"self":[{"href":"https:\/\/encuentroinformativo.com.mx\/index.php?rest_route=\/wp\/v2\/posts\/23510","targetHints":{"allow":["GET"]}}],"collection":[{"href":"https:\/\/encuentroinformativo.com.mx\/index.php?rest_route=\/wp\/v2\/posts"}],"about":[{"href":"https:\/\/encuentroinformativo.com.mx\/index.php?rest_route=\/wp\/v2\/types\/post"}],"author":[{"embeddable":true,"href":"https:\/\/encuentroinformativo.com.mx\/index.php?rest_route=\/wp\/v2\/users\/1"}],"replies":[{"embeddable":true,"href":"https:\/\/encuentroinformativo.com.mx\/index.php?rest_route=%2Fwp%2Fv2%2Fcomments&post=23510"}],"version-history":[{"count":1,"href":"https:\/\/encuentroinformativo.com.mx\/index.php?rest_route=\/wp\/v2\/posts\/23510\/revisions"}],"predecessor-version":[{"id":23512,"href":"https:\/\/encuentroinformativo.com.mx\/index.php?rest_route=\/wp\/v2\/posts\/23510\/revisions\/23512"}],"wp:featuredmedia":[{"embeddable":true,"href":"https:\/\/encuentroinformativo.com.mx\/index.php?rest_route=\/wp\/v2\/media\/23511"}],"wp:attachment":[{"href":"https:\/\/encuentroinformativo.com.mx\/index.php?rest_route=%2Fwp%2Fv2%2Fmedia&parent=23510"}],"wp:term":[{"taxonomy":"category","embeddable":true,"href":"https:\/\/encuentroinformativo.com.mx\/index.php?rest_route=%2Fwp%2Fv2%2Fcategories&post=23510"},{"taxonomy":"post_tag","embeddable":true,"href":"https:\/\/encuentroinformativo.com.mx\/index.php?rest_route=%2Fwp%2Fv2%2Ftags&post=23510"}],"curies":[{"name":"wp","href":"https:\/\/api.w.org\/{rel}","templated":true}]}}