{"id":23516,"date":"2022-02-14T14:15:18","date_gmt":"2022-02-14T20:15:18","guid":{"rendered":"https:\/\/encuentroinformativo.com.mx\/?p=23516"},"modified":"2022-02-14T14:15:21","modified_gmt":"2022-02-14T20:15:21","slug":"por-falta-de-maestros-protestan-padres-de-familia-en-veracruz-puerto","status":"publish","type":"post","link":"https:\/\/encuentroinformativo.com.mx\/?p=23516","title":{"rendered":"Por falta de maestros, protestan padres de familia en Veracruz puerto"},"content":{"rendered":"\n<p><strong>Alejandro \u00c1vila<\/strong><\/p>\n\n\n\n<p>Veracruz, Ver.- Alumnos y padres de familia de la escuela &#8220;Felipe Gardoqui Olmos&#8221;, ubicada en la localidad de Valente D\u00edaz en el municipio de Veracruz, protestaron la ma\u00f1ana de este lunes ante la falta de docentes.<\/p>\n\n\n\n<p>Los afectados relatan que al inicio del ciclo escolar 2021-2022, dos maestros fueron dados de baja por haberse jubilado; sin embargo, desde esa fecha (agosto), la Secretar\u00eda de Educaci\u00f3n de Veracruz no ha enviado a sus reemplazos.<\/p>\n\n\n\n<p>Los padres de familia se pusieron de acuerdo y le pagan un sueldo al resto de los docentes para qu\u00e9 den clases a los ni\u00f1os que no tienen maestros; sin embargo, no todos los padres de familia, por la situaci\u00f3n econ\u00f3mica, pueden aportar el dinero extra.<\/p>\n\n\n\n<p>A los alumnos que no pueden aportar el dinero extra para el pago de los maestros no se les ha permitido tener clases presenciales en el citado plantel educativo, por lo que los padres de familia realizaron una manifestaci\u00f3n este lunes, exigiendo el apoyo de la SEV.<\/p>\n\n\n\n<p>Los alumnos afectados no solo son del turno matutino, sino tambi\u00e9n del turno vespertino, se\u00f1alaron los quejosos.<\/p>\n\n\n\n<p>La direcci\u00f3n de la escuela comenta que est\u00e1 haciendo su gesti\u00f3n, pero desde el mes de agosto del 2021 no han podido resolver dicha situaci\u00f3n.<\/p>\n","protected":false},"excerpt":{"rendered":"<p>Alejandro \u00c1vila Veracruz, Ver.- Alumnos y padres de familia de la escuela &#8220;Felipe Gardoqui Olmos&#8221;, ubicada en la localidad de Valente D\u00edaz en el municipio de Veracruz, protestaron la ma\u00f1ana de este lunes ante la falta de docentes. Los afectados relatan que al inicio del ciclo escolar 2021-2022, dos maestros fueron dados de baja por [&hellip;]<\/p>\n","protected":false},"author":1,"featured_media":23517,"comment_status":"open","ping_status":"open","sticky":false,"template":"","format":"standard","meta":{"_jetpack_memberships_contains_paid_content":false,"footnotes":""},"categories":[2],"tags":[],"class_list":["post-23516","post","type-post","status-publish","format-standard","has-post-thumbnail","hentry","category-estado"],"jetpack_featured_media_url":"https:\/\/encuentroinformativo.com.mx\/wp-content\/uploads\/2022\/02\/B7C1F800-B67B-4E91-BAFD-BF58B21CADCB.jpeg","jetpack_sharing_enabled":true,"jetpack_likes_enabled":true,"amp_enabled":true,"_links":{"self":[{"href":"https:\/\/encuentroinformativo.com.mx\/index.php?rest_route=\/wp\/v2\/posts\/23516","targetHints":{"allow":["GET"]}}],"collection":[{"href":"https:\/\/encuentroinformativo.com.mx\/index.php?rest_route=\/wp\/v2\/posts"}],"about":[{"href":"https:\/\/encuentroinformativo.com.mx\/index.php?rest_route=\/wp\/v2\/types\/post"}],"author":[{"embeddable":true,"href":"https:\/\/encuentroinformativo.com.mx\/index.php?rest_route=\/wp\/v2\/users\/1"}],"replies":[{"embeddable":true,"href":"https:\/\/encuentroinformativo.com.mx\/index.php?rest_route=%2Fwp%2Fv2%2Fcomments&post=23516"}],"version-history":[{"count":1,"href":"https:\/\/encuentroinformativo.com.mx\/index.php?rest_route=\/wp\/v2\/posts\/23516\/revisions"}],"predecessor-version":[{"id":23518,"href":"https:\/\/encuentroinformativo.com.mx\/index.php?rest_route=\/wp\/v2\/posts\/23516\/revisions\/23518"}],"wp:featuredmedia":[{"embeddable":true,"href":"https:\/\/encuentroinformativo.com.mx\/index.php?rest_route=\/wp\/v2\/media\/23517"}],"wp:attachment":[{"href":"https:\/\/encuentroinformativo.com.mx\/index.php?rest_route=%2Fwp%2Fv2%2Fmedia&parent=23516"}],"wp:term":[{"taxonomy":"category","embeddable":true,"href":"https:\/\/encuentroinformativo.com.mx\/index.php?rest_route=%2Fwp%2Fv2%2Fcategories&post=23516"},{"taxonomy":"post_tag","embeddable":true,"href":"https:\/\/encuentroinformativo.com.mx\/index.php?rest_route=%2Fwp%2Fv2%2Ftags&post=23516"}],"curies":[{"name":"wp","href":"https:\/\/api.w.org\/{rel}","templated":true}]}}