{"id":23519,"date":"2022-02-14T14:28:47","date_gmt":"2022-02-14T20:28:47","guid":{"rendered":"https:\/\/encuentroinformativo.com.mx\/?p=23519"},"modified":"2022-02-14T14:28:51","modified_gmt":"2022-02-14T20:28:51","slug":"descarta-gobernador-ofrecer-disculpas-a-reportera","status":"publish","type":"post","link":"https:\/\/encuentroinformativo.com.mx\/?p=23519","title":{"rendered":"Descarta Gobernador ofrecer disculpas a reportera"},"content":{"rendered":"\n<p><strong>Dar\u00edo Pale<\/strong><\/p>\n\n\n\n<p>Xalapa, Ver.- El gobernador de Veracruz Cuitl\u00e1huac Garc\u00eda Jim\u00e9nez dio a conocer que no se disculpar\u00e1 con reportera Sarah Landa ya que sostiene que no fue grosero, google\u00f3 asociaciones de abogados y de una lista de m\u00e1s de 40, solo 15 han solicitado la derogaci\u00f3n del tipo penal.<\/p>\n\n\n\n<p>En conferencia de prensa realizada en el auditorio Silvestre Moreno Cora de Palacio de Gobierno, neg\u00f3 que vaya a disculparse de manera p\u00fablica con la reportera Sarah Landa, a pesar de la exigencia del medio a nivel nacional, as\u00ed como por parte de 15 senadores de la Rep\u00fablica.<\/p>\n\n\n\n<p>Dijo que, &#8220;un servidor no atac\u00f3 con groser\u00eda, palabra soez a la reportera&#8221;, adem\u00e1s de que en ning\u00fan momento utiliz\u00f3 lenguaje &#8220;insultante&#8221; o inapropiado contra la comunicadora, asimismo, sostuvo que no ha tenido ning\u00fan comportamiento similar contra ning\u00fan medio de comunicaci\u00f3n, periodista o reportero.<\/p>\n\n\n\n<p>&#8220;No lo har\u00e9, porque algo que hemos procurado es que aqu\u00ed se expresen con toda libertad, que den su punto de vista. Esos medios, en su televisora, en su peri\u00f3dico, nunca he dirigido ni he hecho valer mi derecho de r\u00e9plica, solamente una vez lo hice&#8221;, ello al referirse a la solicitud de r\u00e9plica que hizo a Televisa.<\/p>\n\n\n\n<p>El ejecutivo del Estado insisti\u00f3 en que la reportera le asegur\u00f3 que todas las barras y asociaciones de abogados hab\u00edan solicitado la derogaci\u00f3n del delito de ultrajes ala autoridad, as\u00ed como se\u00f1alado su inconstitucionalidad.<\/p>\n\n\n\n<p>Por lo cual se dio la tarea de buscar a todas las barras y asociaciones que existen en la entidad, aunque al llegar a la n\u00famero 41 pidi\u00f3 que ya no se listara ninguna otra toda vez que quienes han pedido la derogaci\u00f3n del tipo penal apenas suman unas 15.<\/p>\n\n\n\n<p>&#8220;Yo ten\u00eda conocimiento que no eran todas, pero se empesinaron en que todas, bueno, corrigi\u00f3 cuando dije \u00bfsegura que todas?, dijo la mayor\u00eda&#8221;, refiri\u00f3 y pidi\u00f3 mostrar la lista de barras y asociaciones de abogados.<\/p>\n\n\n\n<p>Garc\u00eda Jim\u00e9nez se burl\u00f3 y pidi\u00f3 no discutir con el reportero que cuestion\u00f3 si se disculpar\u00eda &#8220;no nos vamos a poner necios en lo que dices ni yo necio en lo que digo para que no me saquen otro video viral&#8221;.<\/p>\n\n\n\n<p>Fue as\u00ed que al indagar en los medios de comunicaci\u00f3n, son al menos 15 barras y asociaciones de abogados las que se han manifestado en contra del delito de ultrajes a la autoridad.<\/p>\n","protected":false},"excerpt":{"rendered":"<p>Dar\u00edo Pale Xalapa, Ver.- El gobernador de Veracruz Cuitl\u00e1huac Garc\u00eda Jim\u00e9nez dio a conocer que no se disculpar\u00e1 con reportera Sarah Landa ya que sostiene que no fue grosero, google\u00f3 asociaciones de abogados y de una lista de m\u00e1s de 40, solo 15 han solicitado la derogaci\u00f3n del tipo penal. En conferencia de prensa realizada [&hellip;]<\/p>\n","protected":false},"author":1,"featured_media":23520,"comment_status":"open","ping_status":"open","sticky":false,"template":"","format":"standard","meta":{"_jetpack_memberships_contains_paid_content":false,"footnotes":""},"categories":[2],"tags":[],"class_list":["post-23519","post","type-post","status-publish","format-standard","has-post-thumbnail","hentry","category-estado"],"jetpack_featured_media_url":"https:\/\/encuentroinformativo.com.mx\/wp-content\/uploads\/2022\/02\/45FCF2E2-5A41-4475-918E-DB5738C156C8.jpeg","jetpack_sharing_enabled":true,"jetpack_likes_enabled":true,"amp_enabled":true,"_links":{"self":[{"href":"https:\/\/encuentroinformativo.com.mx\/index.php?rest_route=\/wp\/v2\/posts\/23519","targetHints":{"allow":["GET"]}}],"collection":[{"href":"https:\/\/encuentroinformativo.com.mx\/index.php?rest_route=\/wp\/v2\/posts"}],"about":[{"href":"https:\/\/encuentroinformativo.com.mx\/index.php?rest_route=\/wp\/v2\/types\/post"}],"author":[{"embeddable":true,"href":"https:\/\/encuentroinformativo.com.mx\/index.php?rest_route=\/wp\/v2\/users\/1"}],"replies":[{"embeddable":true,"href":"https:\/\/encuentroinformativo.com.mx\/index.php?rest_route=%2Fwp%2Fv2%2Fcomments&post=23519"}],"version-history":[{"count":1,"href":"https:\/\/encuentroinformativo.com.mx\/index.php?rest_route=\/wp\/v2\/posts\/23519\/revisions"}],"predecessor-version":[{"id":23521,"href":"https:\/\/encuentroinformativo.com.mx\/index.php?rest_route=\/wp\/v2\/posts\/23519\/revisions\/23521"}],"wp:featuredmedia":[{"embeddable":true,"href":"https:\/\/encuentroinformativo.com.mx\/index.php?rest_route=\/wp\/v2\/media\/23520"}],"wp:attachment":[{"href":"https:\/\/encuentroinformativo.com.mx\/index.php?rest_route=%2Fwp%2Fv2%2Fmedia&parent=23519"}],"wp:term":[{"taxonomy":"category","embeddable":true,"href":"https:\/\/encuentroinformativo.com.mx\/index.php?rest_route=%2Fwp%2Fv2%2Fcategories&post=23519"},{"taxonomy":"post_tag","embeddable":true,"href":"https:\/\/encuentroinformativo.com.mx\/index.php?rest_route=%2Fwp%2Fv2%2Ftags&post=23519"}],"curies":[{"name":"wp","href":"https:\/\/api.w.org\/{rel}","templated":true}]}}