{"id":23522,"date":"2022-02-14T15:55:14","date_gmt":"2022-02-14T21:55:14","guid":{"rendered":"https:\/\/encuentroinformativo.com.mx\/?p=23522"},"modified":"2022-02-14T15:55:17","modified_gmt":"2022-02-14T21:55:17","slug":"llama-diputado-a-sumarse-a-favor-de-periodistas","status":"publish","type":"post","link":"https:\/\/encuentroinformativo.com.mx\/?p=23522","title":{"rendered":"Llama diputado a sumarse a favor de periodistas"},"content":{"rendered":"\n<p><strong>Dar\u00edo Pale <\/strong><\/p>\n\n\n\n<p>Xalapa, Ver.- No han presentado propuestas que beneficien al gremio period\u00edstico debido a que los de Morena les votan en contra solo por se una propuesta del Partido Acci\u00f3n Nacional (PAN), as\u00ed lo se\u00f1al\u00f3 el diputado Jaime de la Garza Mart\u00ednez, quien preside la comisi\u00f3n de Atenci\u00f3n y Protecci\u00f3n a Periodistas.<\/p>\n\n\n\n<p>Entrevistado en las instalaciones de su partido dio a conocer que, \u201cyo puedo hacer un compromiso en este momento, con ustedes (los reporteros) a trav\u00e9s de la Comisi\u00f3n de Atenci\u00f3n y Protecci\u00f3n a Periodistas que yo dirijo, sin embargo no me puedo comprometer con los otros 49 diputados\u201d.<\/p>\n\n\n\n<p>En cuanto a las acciones legislativas que podr\u00edan emprenderse para lograr la protecci\u00f3n de los comunicadores veracruzanos, agreg\u00f3 que \u00e9l podr\u00eda preparar y presentar una iniciativa, pero que no podr\u00eda hablar los 49 diputados restantes, que integran el Congreso.<\/p>\n\n\n\n<p>Sobre los sueldos que los reporteros reciben y que no hay transparencia por parte de las empresas de medios de comunicaci\u00f3n que en la mayor\u00eda de los casos no respetan la Ley del trabajo, expres\u00f3 que no es el Congreso la instancia que se encarga de verificar dicha situaci\u00f3n.<\/p>\n\n\n\n<p>\u201cSi llega una iniciativa para ese tema, nosotros tenemos que valorarla; pero a final de cuentas no somos nosotros la instancia que administra (\u2026) se podr\u00eda crear (\u2026) no es que no haya inter\u00e9s, pero a este momento no est\u00e1 la iniciativa&#8221;, coment\u00f3.<\/p>\n\n\n\n<p>&#8220;Podemos preparar una iniciativa bien hecha y la podemos trabajar en conjunto con ustedes, que tambi\u00e9n son los primeros interesados\u201d, agreg\u00f3.<\/p>\n\n\n\n<p>Mencion\u00f3 que durante estos meses en los que ha estado en el Congreso Local ha trabajado en diferentes iniciativas, ninguna en contra del Gobierno, pero todos los diputados se las votan en contra, solo por ser del Partido Acci\u00f3n Nacional (PAN).<\/p>\n\n\n\n<p>Finalmente envi\u00f3 un exhorto a los diputados a que se sumen a favor de los periodistas, \u201cson iniciativas a favor del Gobierno. Metimos una iniciativa para derogar el delito de ultrajes a la autoridad, metimos un exhorto tambi\u00e9n para poder incrementar el presupuesto a la Secretar\u00eda de Seguridad P\u00fablica, pero la verdad es que todo nos votan en contra, solo porque somos partido Acci\u00f3n Nacional\u201d.<\/p>\n","protected":false},"excerpt":{"rendered":"<p>Dar\u00edo Pale Xalapa, Ver.- No han presentado propuestas que beneficien al gremio period\u00edstico debido a que los de Morena les votan en contra solo por se una propuesta del Partido Acci\u00f3n Nacional (PAN), as\u00ed lo se\u00f1al\u00f3 el diputado Jaime de la Garza Mart\u00ednez, quien preside la comisi\u00f3n de Atenci\u00f3n y Protecci\u00f3n a Periodistas. Entrevistado en [&hellip;]<\/p>\n","protected":false},"author":1,"featured_media":23523,"comment_status":"open","ping_status":"open","sticky":false,"template":"","format":"standard","meta":{"_jetpack_memberships_contains_paid_content":false,"footnotes":""},"categories":[2],"tags":[],"class_list":["post-23522","post","type-post","status-publish","format-standard","has-post-thumbnail","hentry","category-estado"],"jetpack_featured_media_url":"https:\/\/encuentroinformativo.com.mx\/wp-content\/uploads\/2022\/02\/BCB2BE21-953E-4B88-852F-2AB3A22B25C4.jpeg","jetpack_sharing_enabled":true,"jetpack_likes_enabled":true,"amp_enabled":true,"_links":{"self":[{"href":"https:\/\/encuentroinformativo.com.mx\/index.php?rest_route=\/wp\/v2\/posts\/23522","targetHints":{"allow":["GET"]}}],"collection":[{"href":"https:\/\/encuentroinformativo.com.mx\/index.php?rest_route=\/wp\/v2\/posts"}],"about":[{"href":"https:\/\/encuentroinformativo.com.mx\/index.php?rest_route=\/wp\/v2\/types\/post"}],"author":[{"embeddable":true,"href":"https:\/\/encuentroinformativo.com.mx\/index.php?rest_route=\/wp\/v2\/users\/1"}],"replies":[{"embeddable":true,"href":"https:\/\/encuentroinformativo.com.mx\/index.php?rest_route=%2Fwp%2Fv2%2Fcomments&post=23522"}],"version-history":[{"count":1,"href":"https:\/\/encuentroinformativo.com.mx\/index.php?rest_route=\/wp\/v2\/posts\/23522\/revisions"}],"predecessor-version":[{"id":23524,"href":"https:\/\/encuentroinformativo.com.mx\/index.php?rest_route=\/wp\/v2\/posts\/23522\/revisions\/23524"}],"wp:featuredmedia":[{"embeddable":true,"href":"https:\/\/encuentroinformativo.com.mx\/index.php?rest_route=\/wp\/v2\/media\/23523"}],"wp:attachment":[{"href":"https:\/\/encuentroinformativo.com.mx\/index.php?rest_route=%2Fwp%2Fv2%2Fmedia&parent=23522"}],"wp:term":[{"taxonomy":"category","embeddable":true,"href":"https:\/\/encuentroinformativo.com.mx\/index.php?rest_route=%2Fwp%2Fv2%2Fcategories&post=23522"},{"taxonomy":"post_tag","embeddable":true,"href":"https:\/\/encuentroinformativo.com.mx\/index.php?rest_route=%2Fwp%2Fv2%2Ftags&post=23522"}],"curies":[{"name":"wp","href":"https:\/\/api.w.org\/{rel}","templated":true}]}}