{"id":23529,"date":"2022-02-14T16:06:06","date_gmt":"2022-02-14T22:06:06","guid":{"rendered":"https:\/\/encuentroinformativo.com.mx\/?p=23529"},"modified":"2022-02-14T16:06:09","modified_gmt":"2022-02-14T22:06:09","slug":"implementaran-plan-de-seguridad-para-colonias-xalapenas","status":"publish","type":"post","link":"https:\/\/encuentroinformativo.com.mx\/?p=23529","title":{"rendered":"Implementar\u00e1n plan de seguridad para colonias xalape\u00f1as"},"content":{"rendered":"\n<p><strong>Dar\u00edo Pale <\/strong><\/p>\n\n\n\n<p>Xalapa, Ver.- El gobernador del estado Cuitl\u00e1huac Garc\u00eda Jim\u00e9nez dio a conocer que las ejecuciones \u00a0de las tres personas que se registraron en d\u00edas pasados se debe al narcomenudeo que existe en la capital del estado.<\/p>\n\n\n\n<p>En conferencia de prensa en Palacio de Gobierno donde fue acompa\u00f1ado del presidente municipal de Xalapa, Ricardo Ahued Bardahuil dio a conocer un plan de seguridad para 29 colonias de Xalapa, las cuales se tienen catalogadas como de alto impacto.<\/p>\n\n\n\n<p>Dio a conocer que ya se instal\u00f3 una mesa de coordinaci\u00f3n, en donde participan autoridades estatales municipales, as\u00ed como participaci\u00f3n ciudadana, y que en esta nueva estrategia participar\u00e1n 206 elementos estatales y municipales, se contar\u00e1 con un dron y adem\u00e1s \u00a0helic\u00f3ptero.<\/p>\n\n\n\n<p>Expuso que este plan suma la estrategia que se viene dando en la capital del Estado, \u00a0y se une al que ya ten\u00edan autoridades municipales, asegur\u00f3 que en Xalapa ya se respira tranquilidad dado a que la seguridad ha mejorado, por los que desee el fin de semana se instalaron filtros viables adem\u00e1s de recorridos por las calles capitalinas.<\/p>\n\n\n\n<p>Agreg\u00f3, adem\u00e1s de que tambi\u00e9n se dieron recorridos en cantinas, pues la l\u00ednea de investigaci\u00f3n que lleva la Fiscal\u00eda General del Estado (FGE) todo apunta que las personas asesinadas el pasado viernes en la capital del estado est\u00e1n relacionadas con el narcomenudeo.<\/p>\n\n\n\n<p>Finalmente dej\u00f3 en claro que este tema ya est\u00e1 en manos de la autoridad competente y quien ya tiene identificados a los presuntos responsables.<\/p>\n","protected":false},"excerpt":{"rendered":"<p>Dar\u00edo Pale Xalapa, Ver.- El gobernador del estado Cuitl\u00e1huac Garc\u00eda Jim\u00e9nez dio a conocer que las ejecuciones \u00a0de las tres personas que se registraron en d\u00edas pasados se debe al narcomenudeo que existe en la capital del estado. En conferencia de prensa en Palacio de Gobierno donde fue acompa\u00f1ado del presidente municipal de Xalapa, Ricardo [&hellip;]<\/p>\n","protected":false},"author":1,"featured_media":16943,"comment_status":"open","ping_status":"open","sticky":false,"template":"","format":"standard","meta":{"_jetpack_memberships_contains_paid_content":false,"footnotes":""},"categories":[3],"tags":[],"class_list":["post-23529","post","type-post","status-publish","format-standard","has-post-thumbnail","hentry","category-xalapa"],"jetpack_featured_media_url":"https:\/\/encuentroinformativo.com.mx\/wp-content\/uploads\/2021\/07\/409E0B5B-04A0-4226-A5D4-15E6F272FA5C.jpeg","jetpack_sharing_enabled":true,"jetpack_likes_enabled":true,"amp_enabled":true,"_links":{"self":[{"href":"https:\/\/encuentroinformativo.com.mx\/index.php?rest_route=\/wp\/v2\/posts\/23529","targetHints":{"allow":["GET"]}}],"collection":[{"href":"https:\/\/encuentroinformativo.com.mx\/index.php?rest_route=\/wp\/v2\/posts"}],"about":[{"href":"https:\/\/encuentroinformativo.com.mx\/index.php?rest_route=\/wp\/v2\/types\/post"}],"author":[{"embeddable":true,"href":"https:\/\/encuentroinformativo.com.mx\/index.php?rest_route=\/wp\/v2\/users\/1"}],"replies":[{"embeddable":true,"href":"https:\/\/encuentroinformativo.com.mx\/index.php?rest_route=%2Fwp%2Fv2%2Fcomments&post=23529"}],"version-history":[{"count":1,"href":"https:\/\/encuentroinformativo.com.mx\/index.php?rest_route=\/wp\/v2\/posts\/23529\/revisions"}],"predecessor-version":[{"id":23530,"href":"https:\/\/encuentroinformativo.com.mx\/index.php?rest_route=\/wp\/v2\/posts\/23529\/revisions\/23530"}],"wp:featuredmedia":[{"embeddable":true,"href":"https:\/\/encuentroinformativo.com.mx\/index.php?rest_route=\/wp\/v2\/media\/16943"}],"wp:attachment":[{"href":"https:\/\/encuentroinformativo.com.mx\/index.php?rest_route=%2Fwp%2Fv2%2Fmedia&parent=23529"}],"wp:term":[{"taxonomy":"category","embeddable":true,"href":"https:\/\/encuentroinformativo.com.mx\/index.php?rest_route=%2Fwp%2Fv2%2Fcategories&post=23529"},{"taxonomy":"post_tag","embeddable":true,"href":"https:\/\/encuentroinformativo.com.mx\/index.php?rest_route=%2Fwp%2Fv2%2Ftags&post=23529"}],"curies":[{"name":"wp","href":"https:\/\/api.w.org\/{rel}","templated":true}]}}