{"id":23531,"date":"2022-02-14T16:14:19","date_gmt":"2022-02-14T22:14:19","guid":{"rendered":"https:\/\/encuentroinformativo.com.mx\/?p=23531"},"modified":"2022-02-14T16:14:22","modified_gmt":"2022-02-14T22:14:22","slug":"descarta-alcalde-focos-rojos-en-xalapa","status":"publish","type":"post","link":"https:\/\/encuentroinformativo.com.mx\/?p=23531","title":{"rendered":"Descarta Alcalde \u2018focos rojos\u2019 en Xalapa"},"content":{"rendered":"\n<p><strong>Dar\u00edo Pale<\/strong><\/p>\n\n\n\n<p>Xalapa, Ver.- El presidente municipal de Xalapa, Ricardo Ahued Bardahuil dio a conocer que en la capital del estado no hay focos rojos debido a la presencia de la delincuencia organizada, asegur\u00f3 desconocer si en la ciudad se han asentado grupos delictivos, pero si mencion\u00f3 que en coordinaci\u00f3n con el estado se busca disminuir los delitos de alto impacto.<\/p>\n\n\n\n<p>Entrevistado posterior a la conferencia de prensa en Palacio de Gobierno donde acompa\u00f1\u00f3 al mandatario estatal, el edil xalape\u00f1o dijo desconocer sobre las investigaciones, pero asegur\u00f3 que se trabaja para tener una ciudad segura.<\/p>\n\n\n\n<p>Es de recordar que la ejecuci\u00f3n de 3 personas en la zona entre Las \u00c1nimas y El Castillo, y otro m\u00e1s en la colonia Carolino Anaya, el pasado viernes prendi\u00f3 los focos de las autoridades tanto estatales como municipales, pues en las investigaciones de la Fiscal\u00eda General del Estado, las cuales han arrojado una relaci\u00f3n con el narco menudeo.<\/p>\n\n\n\n<p>Al cuestionarlo sobre las 29 colonias en donde se reforzar\u00e1 la seguridad, dijo que estas las eligieron porque tienen un f\u00e1cil acceso y salida de calles, lo que permite un mayor n\u00famero de circulaci\u00f3n de autom\u00f3viles y, que en caso de cometer un delito se pueda actuar de manera inmediata.<\/p>\n\n\n\n<p>Finalmente en este tema Ahued Bardauil coment\u00f3 que en todo momento la polic\u00eda municipal de Xalapa tendr\u00e1 coordinaci\u00f3n con la Secretar\u00eda de Seguridad P\u00fablica para brindar una mejor seguridad a la ciudadan\u00eda.<\/p>\n","protected":false},"excerpt":{"rendered":"<p>Dar\u00edo Pale Xalapa, Ver.- El presidente municipal de Xalapa, Ricardo Ahued Bardahuil dio a conocer que en la capital del estado no hay focos rojos debido a la presencia de la delincuencia organizada, asegur\u00f3 desconocer si en la ciudad se han asentado grupos delictivos, pero si mencion\u00f3 que en coordinaci\u00f3n con el estado se busca [&hellip;]<\/p>\n","protected":false},"author":1,"featured_media":23532,"comment_status":"open","ping_status":"open","sticky":false,"template":"","format":"standard","meta":{"_jetpack_memberships_contains_paid_content":false,"footnotes":""},"categories":[3],"tags":[],"class_list":["post-23531","post","type-post","status-publish","format-standard","has-post-thumbnail","hentry","category-xalapa"],"jetpack_featured_media_url":"https:\/\/encuentroinformativo.com.mx\/wp-content\/uploads\/2022\/02\/2498F1B1-4C16-46A9-9617-5C91CAA9E6F9.jpeg","jetpack_sharing_enabled":true,"jetpack_likes_enabled":true,"amp_enabled":true,"_links":{"self":[{"href":"https:\/\/encuentroinformativo.com.mx\/index.php?rest_route=\/wp\/v2\/posts\/23531","targetHints":{"allow":["GET"]}}],"collection":[{"href":"https:\/\/encuentroinformativo.com.mx\/index.php?rest_route=\/wp\/v2\/posts"}],"about":[{"href":"https:\/\/encuentroinformativo.com.mx\/index.php?rest_route=\/wp\/v2\/types\/post"}],"author":[{"embeddable":true,"href":"https:\/\/encuentroinformativo.com.mx\/index.php?rest_route=\/wp\/v2\/users\/1"}],"replies":[{"embeddable":true,"href":"https:\/\/encuentroinformativo.com.mx\/index.php?rest_route=%2Fwp%2Fv2%2Fcomments&post=23531"}],"version-history":[{"count":1,"href":"https:\/\/encuentroinformativo.com.mx\/index.php?rest_route=\/wp\/v2\/posts\/23531\/revisions"}],"predecessor-version":[{"id":23533,"href":"https:\/\/encuentroinformativo.com.mx\/index.php?rest_route=\/wp\/v2\/posts\/23531\/revisions\/23533"}],"wp:featuredmedia":[{"embeddable":true,"href":"https:\/\/encuentroinformativo.com.mx\/index.php?rest_route=\/wp\/v2\/media\/23532"}],"wp:attachment":[{"href":"https:\/\/encuentroinformativo.com.mx\/index.php?rest_route=%2Fwp%2Fv2%2Fmedia&parent=23531"}],"wp:term":[{"taxonomy":"category","embeddable":true,"href":"https:\/\/encuentroinformativo.com.mx\/index.php?rest_route=%2Fwp%2Fv2%2Fcategories&post=23531"},{"taxonomy":"post_tag","embeddable":true,"href":"https:\/\/encuentroinformativo.com.mx\/index.php?rest_route=%2Fwp%2Fv2%2Ftags&post=23531"}],"curies":[{"name":"wp","href":"https:\/\/api.w.org\/{rel}","templated":true}]}}