{"id":23540,"date":"2022-02-15T09:52:17","date_gmt":"2022-02-15T15:52:17","guid":{"rendered":"https:\/\/encuentroinformativo.com.mx\/?p=23540"},"modified":"2022-02-15T09:52:20","modified_gmt":"2022-02-15T15:52:20","slug":"malo-maldito","status":"publish","type":"post","link":"https:\/\/encuentroinformativo.com.mx\/?p=23540","title":{"rendered":"Malo Maldito"},"content":{"rendered":"\n<p><strong>Los Pol\u00edticos<\/strong><\/p>\n\n\n\n<p><strong>Salvador Mu\u00f1oz<\/strong><\/p>\n\n\n\n<p>En el Altiplano lo conocen como \u201cMalo Maldito\u201d&#8230; bueno, al menos as\u00ed dicen que le dice el secretario de Gobernaci\u00f3n, Ad\u00e1n Augusto L\u00f3pez Hern\u00e1ndez, quien est\u00e1 al tanto del teje y maneje que viene realizando el Malo Maldito en Veracruz.<\/p>\n\n\n\n<p>Ya de por s\u00ed era conocida su fama de \u201cgobernar\u201d bajo presi\u00f3n, amenazas e intimidaci\u00f3n desde que asumi\u00f3 el poder y empez\u00f3 a ejercer un \u201cgobierno paralelo\u201d al de Cuitl\u00e1huac \u00a1y luego le sale lo otro! Por si s\u00ed o por si no, los alcaldes que se enfrentan a sus \u201csugerencias\u201d de contratar tal despacho, comprar en tal agencia, renunciar a tal funcionario y colocar a uno de sus conocidos, acceden a sus \u201crecomendaciones\u201d\u2026<\/p>\n\n\n\n<p>\u201cLo otro\u201d es aquel v\u00ednculo que unos criminales expusieron de non grata forma, dirigi\u00e9ndole un mensaje\u2026 \u201csu relaci\u00f3n\u201d con un c\u00e1rtel. Digo, con esas amistades, pues la preocupaci\u00f3n de los ediles se multiplica\u2026 aunque tambi\u00e9n obliga a otros a pintar su raya, como Roc\u00edo Nahle, quien poco a poco se va alejando del Malo Maldito\u2026 no vaya a ser la de malas\u2026<\/p>\n\n\n\n<p>Ya no se sabe si es de pitorreo o es en serio, pero cuentan en Palacio de Gobierno que cuando Malo Maldito la riega, es seguro que el s\u00e1bado, se le encuentre con moruna en mano o cortadora de c\u00e9sped a la cintura, al lado del Gobernador, como una forma de acercarse a \u00e9l para excusarse o repartir culpas de lo que \u00e9l hizo\u2026<\/p>\n\n\n\n<p>El reciente caso fue el que puso al Gobierno de Veracruz en la mira de todo el pa\u00eds y allende las fronteras: el delito de Ultrajes\u2026<\/p>\n\n\n\n<p>El caso es que Cuitl\u00e1huac se la est\u00e1 comiendo toda \u00e9l solo pero la leyenda habla que quien ocasion\u00f3 todo el desmadre del delito de Ultrajes que tiene hoy azorrillado al Gobernador, es Malo Maldito\u2026<\/p>\n\n\n\n<p>Aunque siendo precisos, empieza el despapaye con su particular, Jorge Ch\u00e1vez, a quien le achacan la leyenda negra por un percance en auto que no quiso pagar, a pesar de que prometi\u00f3 hacerlo. Los afectados fueron a buscarlo a Palacio de Gobierno y no los recibi\u00f3 ni tampoco atendi\u00f3 su llamada. Al tiempo, en un antro, se encuentran y lo reconocen, y al calor de las copas, se hacen de palabras, por lo que a Ch\u00e1vez se le hizo f\u00e1cil pedir auxilio a su Jefe, y el resto de la historia ya es conocido\u2026<\/p>\n\n\n\n<p>Quiz\u00e1s por eso y mucho m\u00e1s, la secre de Energ\u00eda empez\u00f3 a pintar su raya, a desligarse de esa figura que si es capaz de hacerle un chorro de da\u00f1o a la imagen del Gobernador (bueno, tampoco en este caso es \u00fanico responsable\u2026 Cuic se des-ayuda mucho tambi\u00e9n para echarse lodo), cuantim\u00e1s podr\u00eda hacerlo en la figura de Roc\u00edo Nahle de aqu\u00ed al 2024, con el valor agregado de que ya se enter\u00f3 que su sue\u00f1o es ser candidato a la gubernatura\u2026 bueno, si a uno de Pachuca enlistan, y si apuestan por una zacatecana, \u00bfpor qu\u00e9 no pensar en uno de Baja Cuencalifornia?<\/p>\n\n\n\n<p>Aunque es ah\u00ed donde la marrana tuerce el rabo\u2026 en las encuestas que tienen en el Altiplano, si aparece alguien del Gabinete para el 2024, no es precisamente Malo Maldito, como dicen que le dice el secre de Gobernaci\u00f3n\u2026 bueno, si no sale candidato, ha de salir millonario\u2026<\/p>\n\n\n\n<p><a href=\"mailto:smcainito@gmail.com\" target=\"_blank\" rel=\"noreferrer noopener\">smcainito@gmail.com<\/a><\/p>\n","protected":false},"excerpt":{"rendered":"<p>Los Pol\u00edticos Salvador Mu\u00f1oz En el Altiplano lo conocen como \u201cMalo Maldito\u201d&#8230; bueno, al menos as\u00ed dicen que le dice el secretario de Gobernaci\u00f3n, Ad\u00e1n Augusto L\u00f3pez Hern\u00e1ndez, quien est\u00e1 al tanto del teje y maneje que viene realizando el Malo Maldito en Veracruz. Ya de por s\u00ed era conocida su fama de \u201cgobernar\u201d bajo [&hellip;]<\/p>\n","protected":false},"author":1,"featured_media":387,"comment_status":"open","ping_status":"open","sticky":false,"template":"","format":"standard","meta":{"_jetpack_memberships_contains_paid_content":false,"footnotes":""},"categories":[11],"tags":[],"class_list":["post-23540","post","type-post","status-publish","format-standard","has-post-thumbnail","hentry","category-opinion"],"jetpack_featured_media_url":"https:\/\/encuentroinformativo.com.mx\/wp-content\/uploads\/2020\/03\/7CF8A22B-2764-47BE-8F7F-38FE9E5D6A2F.jpeg","jetpack_sharing_enabled":true,"jetpack_likes_enabled":true,"amp_enabled":true,"_links":{"self":[{"href":"https:\/\/encuentroinformativo.com.mx\/index.php?rest_route=\/wp\/v2\/posts\/23540","targetHints":{"allow":["GET"]}}],"collection":[{"href":"https:\/\/encuentroinformativo.com.mx\/index.php?rest_route=\/wp\/v2\/posts"}],"about":[{"href":"https:\/\/encuentroinformativo.com.mx\/index.php?rest_route=\/wp\/v2\/types\/post"}],"author":[{"embeddable":true,"href":"https:\/\/encuentroinformativo.com.mx\/index.php?rest_route=\/wp\/v2\/users\/1"}],"replies":[{"embeddable":true,"href":"https:\/\/encuentroinformativo.com.mx\/index.php?rest_route=%2Fwp%2Fv2%2Fcomments&post=23540"}],"version-history":[{"count":1,"href":"https:\/\/encuentroinformativo.com.mx\/index.php?rest_route=\/wp\/v2\/posts\/23540\/revisions"}],"predecessor-version":[{"id":23541,"href":"https:\/\/encuentroinformativo.com.mx\/index.php?rest_route=\/wp\/v2\/posts\/23540\/revisions\/23541"}],"wp:featuredmedia":[{"embeddable":true,"href":"https:\/\/encuentroinformativo.com.mx\/index.php?rest_route=\/wp\/v2\/media\/387"}],"wp:attachment":[{"href":"https:\/\/encuentroinformativo.com.mx\/index.php?rest_route=%2Fwp%2Fv2%2Fmedia&parent=23540"}],"wp:term":[{"taxonomy":"category","embeddable":true,"href":"https:\/\/encuentroinformativo.com.mx\/index.php?rest_route=%2Fwp%2Fv2%2Fcategories&post=23540"},{"taxonomy":"post_tag","embeddable":true,"href":"https:\/\/encuentroinformativo.com.mx\/index.php?rest_route=%2Fwp%2Fv2%2Ftags&post=23540"}],"curies":[{"name":"wp","href":"https:\/\/api.w.org\/{rel}","templated":true}]}}