{"id":23543,"date":"2022-02-15T09:56:44","date_gmt":"2022-02-15T15:56:44","guid":{"rendered":"https:\/\/encuentroinformativo.com.mx\/?p=23543"},"modified":"2022-02-15T09:56:48","modified_gmt":"2022-02-15T15:56:48","slug":"en-verdad-van-a-tumbar-a-la-4t-con-protestas-virtuales","status":"publish","type":"post","link":"https:\/\/encuentroinformativo.com.mx\/?p=23543","title":{"rendered":"\u00bfEN VERDAD VAN A TUMBAR A LA 4T CON PROTESTAS VIRTUALES?"},"content":{"rendered":"\n<p><strong>ColumnaSinNombre<br>@pablojair<\/strong><\/p>\n\n\n\n<ul class=\"wp-block-list\"><li>La mayor\u00eda de los gobernadores.<\/li><li>Monreal ya se anda soltando; Dante desapareci\u00f3.<\/li><li>\u00bfY s\u00ed hay cartas fuertes para 2024?<\/li><\/ul>\n\n\n\n<p>Canall\u00edn pas\u00f3 de ser \u201cChicken Little\u201d a \u201cChicken Run\u201d<br>\u2014Chopenjawer<\/p>\n\n\n\n<p>El fin de semana fue muy sonada una reuni\u00f3n virtual en Twitter donde miles de usuarios se \u201creunieron\u201d a escuchar opiniones y di\u00e1logos que se originaron a ra\u00edz de la protesta digital bautizada como #TodosSomosLoret, que m\u00e1s all\u00e1 de ser una verdadera manifestaci\u00f3n se convirti\u00f3 en una reuni\u00f3n de opositores pol\u00edticos, periodistas que vomitan a la 4T, \u201chaters\u201d, bots de 7 a 14 seguidores y anexas.<\/p>\n\n\n\n<p>AMLO y sus cercanos sin duda estuvieron tranquilos ese d\u00eda: \u201cAh\u00ed que hagan su protesta en Twitter\u201d, que por cierto no es la red m\u00e1s influyente en M\u00e9xico y eso lo saben quienes se dedican a eso: est\u00e1 muy por debajo de Facebook, YouTube, Whatsapp, Instagram y Tiktok.<\/p>\n\n\n\n<p>Tuvo bastante gente conectada, pero ya es m\u00e1s que sabido la manera en que operan las redes: se inflan n\u00fameros de seguidores, se crean grupos para promover la difusi\u00f3n, etc. Son contados los casos de reales seguidores en cantidades gigantes.<\/p>\n\n\n\n<p>Y s\u00ed, pueden decir que llegaron cientos de miles, pero no deja de ser una protesta virtual, et\u00e9rea. Que ah\u00ed bien pueden estar ciudadanos inconformes, \u201ctuitstars\u201d de la derecha o un enfermizo resentido con m\u00faltiples cuentas, pero sigue siendo virtual, et\u00e9rea.<\/p>\n\n\n\n<p>Por ejemplo, el periodista Julio Hern\u00e1ndez, de la famosa e influyente columna \u201cAstillero\u201d, pidi\u00f3 a los organizadores de dicha \u201cprotesta\u201d (una supuesta sociedad civil) una entrevista para conocerlos mejor, pero ninguno dio la cara y no se asom\u00f3 un representante real. Haga de cuenta que estaba lidiando un robot que te contesta los mensajes.<\/p>\n\n\n\n<p>Veracruz tiene mucho de ejemplo en cuanto al uso de redes sociales para temas pol\u00edticos disfrazados de \u201cinconformidades ciudadanas\u201d, como cuando un grupo denominado HijasDeLaMX (o al menos algunas de sus voceras) estaba operando en \u201csecreto\u201d con periodistas anti4T y el exfiscal pr\u00f3fugo de la justicia, Jorge Winckler, para atizar temas como feminicidios y desaparecidos. Lo anterior se supo porque mujeres del mismo colectivo virtual comenzaron a denunciar que el grupo estaba siendo utilizado para golpeteo con intereses pol\u00edticos y finalmente no pas\u00f3 de ah\u00ed.<\/p>\n\n\n\n<p>Por cierto, en ese entonces dec\u00edan que hasta iban a tener el apoyo de Carlos Loret de Mola, seg\u00fan les vend\u00eda su disque representante en el estado.<\/p>\n\n\n\n<p>Mire, las redes sin duda son el espacio donde se han volcado aquellos que por a\u00f1os quisieron entrarle a periodismo, pero por falta de talento, de capacidad o por la manera poco \u00e9tica de actuar (hay valiosas excepciones de gente que ha sabido hacer periodismo en redes m\u00e1s all\u00e1 de los que se dicen verdaderos periodistas) nunca pudieron entrar a medios y finalmente encontraron un nicho donde f\u00e1cilmente pueden publicar sin restricciones y tener el eco, el reflector que siempre quiso.<\/p>\n\n\n\n<p>Tambi\u00e9n en Veracruz hay ejemplos de que tener un buen equipo o manejo de redes (m\u00e1s likes, m\u00e1s comentarios, m\u00e1s compartidos) no necesariamente implica que sea una representaci\u00f3n de la realidad. Ah\u00ed esta el caso de la pasada contienda por la gubernatura, cuando con todo y el aparato medi\u00e1tico, el candidato panista Miguel \u00c1ngel Yunes M\u00e1rquez no logr\u00f3 vencer a su adversario Cuitl\u00e1huac Garc\u00eda.<\/p>\n\n\n\n<p>La moraleja de esa elecci\u00f3n fue sencilla: las redes no votan o lo hacen muy poquito. No representan garant\u00eda de votos o de triunfo electoral.<\/p>\n\n\n\n<p>Quienes hemos trabajado en gobierno o partidos tambi\u00e9n sabemos que es una ilusi\u00f3n el pensar que realmente los usuarios de redes sean 100% aut\u00e9nticos en sus comentarios o en sus reacciones. Finalmente es una guerra entre simpatizantes y opositores que se queda en el \u00e1mbito de lo virtual.<\/p>\n\n\n\n<p>Los que tambi\u00e9n hemos trabajado en este rollo de los medios tambi\u00e9n sabemos que de la nada pueden surgir \u201cbarras\u201d o \u201casociaciones\u201d como \u201cBarra de Eruditos Razonables Gal\u00e1cticos Asociados\u201d o la \u201cCoalici\u00f3n de Uberhombres Letrados Omnipresentes Sociales\u201d o la \u201cFederaci\u00f3n Opositora Latinoamericana Ling\u00fc\u00edstica Adherida Regionalmente\u201d, sentarse en un caf\u00e9 y opinar, tirar caca y hacer ruido, m\u00e1s si las notas period\u00edsticas logran colocarse estrat\u00e9gicamente en donde puedan hacer resonancia.<\/p>\n\n\n\n<p>La verdad creo que hay un mundo muy distante entre lo que se ve en redes o lo que creemos que se lee en periodismo y lo que realmente sucede en la calle, en el sentir real de la gente que est\u00e1 m\u00e1s preocupada por su entorno laboral, de seguridad, econ\u00f3mico, salud, pandemia, etc\u00e9tera: las chicas de la farmacia donde uno hace sus compras est\u00e1n m\u00e1s pendientes de la clientela que llega a cada rato; el veterinario que abre puntualmente y atiende a sus pacientes peludos; el de la moto de los mandados anda al tiro con los env\u00edos y pedidos, gan\u00e1ndose el pan de cada d\u00eda; el \u00f1or de la tienda que no se pone cubrebocas, pero curiosamente nunca le ha dado Covid, pero ah\u00ed anda como si nada atendiendo desde temprano hasta muy tarde\u2026 y as\u00ed todos los changarros que abren, trabajan, terminan y se van a sus casas.<\/p>\n\n\n\n<p>Quiz\u00e1s entre algunos de esos haya alguien que tuvo un mal d\u00eda y desquite su furia mentando la madre al gobierno \u2014como aquel que una vez se le ponch\u00f3 la llanta de la camioneta y fue a despotricarle virtualmente al Am\u00e9rico Z\u00fa\u00f1iga, entonces alcalde de Xalapa\u2014 pero a lo que quiero llegar es que hay una base social muy bien cimentada por la Cuarta Transformeishion que si alguna vez estuvo en manos de otros partidos, esta se fue alejando o perdiendo precisamente porque los institutos pol\u00edticos se fueron convirtiendo en c\u00fapulas de grup\u00fasculos que a veces ni siquiera representaban a un grupo peque\u00f1o de vecinos (una vez un l\u00edder juvenil del PRI dijo que aportar\u00edan 20 mil votos a Yunes, cuando en realidad nom\u00e1s tra\u00eda a un par de weyes a su lado\u2026 y ya).<\/p>\n\n\n\n<p>Recientemente alguien nos comentaba, por ejemplo, que la 4T tuvo el tino de reclutar a sus propios operadores pol\u00edticos y meterlos a n\u00f3mina por todo el sexenio \u2014los llamados \u201cServidores de la Naci\u00f3n\u201d\u2014 a diferencia de los dem\u00e1s partidos que buscan a los operadores s\u00f3lo en tiempos de campa\u00f1a, les daban chamba temporal y despu\u00e9s los dejaban a su suerte.<\/p>\n\n\n\n<p>Entre esos manifestantes virtuales de redes y los grillos que se mueven medi\u00e1ticamente, est\u00e1n la mayor parte de muchos que hoy despotrican, odian, repelen; hay voces sensatas que bien pueden dar una opini\u00f3n sobre un tema determinado (el monero Patricio hace poco dec\u00eda que no estaba de acuerdo en que se dieran datos privados de Carlos Loret como sus ganancias, pero que igual Loret merec\u00eda c\u00e1rcel desde los tiempos de Genaro Garc\u00eda Luna y sus conocidos montajes) pero todo pasa desapercibido en un M\u00e9xico polarizado donde a veces se nos olvida qu\u00e9 hay vida m\u00e1s all\u00e1 del pajarito azul y el Feis: el M\u00e9xico real m\u00e1s all\u00e1 de los azotados en redes sociales.<\/p>\n\n\n\n<p>Tampoco quiere decir que las redes no sirvan, pues apoyan mucho en momentos donde se necesita de la solidaridad con causas nobles como las donaciones o la b\u00fasqueda de personas, o simplemente para hacer viral un mensaje. Esa es la otra cara: la amable, la que no es pol\u00edtica, la que es meramente por entretenimiento, ayuda o distracci\u00f3n.<\/p>\n\n\n\n<p>No obstante, se observa y se vive como sociedad un fen\u00f3meno nunca antes visto, con un \u201cdebate\u201d en redes que prevalece, en el que est\u00e1s de un lado o de otro, pero dif\u00edcilmente permaneces en medio, pero hasta ah\u00ed llega\u2026 Es tan ef\u00edmero que lo que se presum\u00eda como un parteaguas pol\u00edtico-medi\u00e1tico realizado en Twitter, termin\u00f3 opacado por el truene de Belinda y Nodal o por el Superbowl y su show de medio tiempo.<\/p>\n\n\n\n<p>Todo est\u00e1 en el aire. Se manejan encuestas y cifras, pero lo real ya lo veremos en abril en la revocaci\u00f3n de mandato; y en ese momento, observando c\u00f3mo se ratifica una voluntad mayoritaria del pueblo a favor de AMLO, se percibir\u00e1 que lo que ocurre en redes es solo virtual, no trasciende ni se traduce en votos.<\/p>\n\n\n\n<p>\u00bfO ser\u00e1 que tumben al patriarca? La neta, se duda, pero en una de esas hacen otra \u201cmanifestaci\u00f3n\u201d ahora en el metaverso de \u201cSuckerverg\u201d, con pancartas digitales, desde la comodidad del celular.<\/p>\n\n\n\n<p><strong>NOTA PARA PEGAR EN EL REFRI: <\/strong>Lo remarc\u00f3 bien el gober Cuitl\u00e1huac en su conferencia de prensa: son 18 gobernadores de Morena, la mayor\u00eda del pa\u00eds, los que salieron a defender a AMLO, pero en el terreno electoral, en los pr\u00f3ximos meses, se sumar\u00e1n m\u00e1s estados. Por lo menos dos: Quintana Roo y Oaxaca, pero podr\u00edan sumarse Hidalgo y Tamaulipas. Igual y uno se equivoca y s\u00f3lo gana uno\u2026<\/p>\n\n\n\n<p><strong>OTRA NOTA: <\/strong>Es raro, pero el tema de la violencia en Zacatecas es ignorada en la agenda pol\u00edtica nacional. Parece que es m\u00e1s grave atender el tema de ultrajes en Veracruz a lidiar con un gobierno fallido infestado de notas rojas; ni Comisi\u00f3n han hecho en el Senado para investigar qu\u00e9 ocurre en ese estado\u2026 Por cierto, Monreal ya comienza a soltar su acostumbrado veneno, con fingida cautela; el que se apag\u00f3 de unos d\u00edas para ac\u00e1 fue el T\u00edo Dante, de no ser por su esc\u00e1ndalo con el mirrey Palazuelos\u2026 Ojo: Dante le apuesta a este estado porque ya tiene en la bolsa a Nuevo Le\u00f3n y Jalisco, que son las otras entidades m\u00e1s productivas del pa\u00eds; con Quintana Roo sumar\u00eda otro, que es l\u00edder en el tema de finanzas tur\u00edsticas.<\/p>\n\n\n\n<p><strong>LA \u00daLTIMA PORQUE MUCHO FR\u00cdO EN LAS PATAS: <\/strong>Ricardo Anaya ya perdi\u00f3 su timing para capitalizar su cantaleta de perseguido pol\u00edtico y como figura de la oposici\u00f3n ya tiene muy lejos cualquier posibilidad para competir en 2024\u2026 De hecho, uno se pregunta \u00bfy a qui\u00e9n tienen pensado los opositores a Morena para la boleta en ese entonces? Hay nombres muy buenos como Mauricio Vila, el gobernador de Yucat\u00e1n; se habla tambi\u00e9n hasta de Colosio Jr., pero tambi\u00e9n hay cartas p\u00e9simas muy quemadas como el propio Anaya\u2026 De hecho, a estas alturas, ya deber\u00eda \u2014creo\u2014 verse una figura fuerte de la oposici\u00f3n; alguien que digas: \u201ceste s\u00ed le anda metiendo un susto a la 4T\u201d, pero no, nada.<\/p>\n","protected":false},"excerpt":{"rendered":"<p>ColumnaSinNombre@pablojair La mayor\u00eda de los gobernadores. Monreal ya se anda soltando; Dante desapareci\u00f3. \u00bfY s\u00ed hay cartas fuertes para 2024? Canall\u00edn pas\u00f3 de ser \u201cChicken Little\u201d a \u201cChicken Run\u201d\u2014Chopenjawer El fin de semana fue muy sonada una reuni\u00f3n virtual en Twitter donde miles de usuarios se \u201creunieron\u201d a escuchar opiniones y di\u00e1logos que se originaron [&hellip;]<\/p>\n","protected":false},"author":1,"featured_media":488,"comment_status":"open","ping_status":"open","sticky":false,"template":"","format":"standard","meta":{"_jetpack_memberships_contains_paid_content":false,"footnotes":""},"categories":[11],"tags":[],"class_list":["post-23543","post","type-post","status-publish","format-standard","has-post-thumbnail","hentry","category-opinion"],"jetpack_featured_media_url":"https:\/\/encuentroinformativo.com.mx\/wp-content\/uploads\/2020\/03\/F471F608-BA1A-416B-BA7B-BCFB24F4E6D0.jpeg","jetpack_sharing_enabled":true,"jetpack_likes_enabled":true,"amp_enabled":true,"_links":{"self":[{"href":"https:\/\/encuentroinformativo.com.mx\/index.php?rest_route=\/wp\/v2\/posts\/23543","targetHints":{"allow":["GET"]}}],"collection":[{"href":"https:\/\/encuentroinformativo.com.mx\/index.php?rest_route=\/wp\/v2\/posts"}],"about":[{"href":"https:\/\/encuentroinformativo.com.mx\/index.php?rest_route=\/wp\/v2\/types\/post"}],"author":[{"embeddable":true,"href":"https:\/\/encuentroinformativo.com.mx\/index.php?rest_route=\/wp\/v2\/users\/1"}],"replies":[{"embeddable":true,"href":"https:\/\/encuentroinformativo.com.mx\/index.php?rest_route=%2Fwp%2Fv2%2Fcomments&post=23543"}],"version-history":[{"count":1,"href":"https:\/\/encuentroinformativo.com.mx\/index.php?rest_route=\/wp\/v2\/posts\/23543\/revisions"}],"predecessor-version":[{"id":23544,"href":"https:\/\/encuentroinformativo.com.mx\/index.php?rest_route=\/wp\/v2\/posts\/23543\/revisions\/23544"}],"wp:featuredmedia":[{"embeddable":true,"href":"https:\/\/encuentroinformativo.com.mx\/index.php?rest_route=\/wp\/v2\/media\/488"}],"wp:attachment":[{"href":"https:\/\/encuentroinformativo.com.mx\/index.php?rest_route=%2Fwp%2Fv2%2Fmedia&parent=23543"}],"wp:term":[{"taxonomy":"category","embeddable":true,"href":"https:\/\/encuentroinformativo.com.mx\/index.php?rest_route=%2Fwp%2Fv2%2Fcategories&post=23543"},{"taxonomy":"post_tag","embeddable":true,"href":"https:\/\/encuentroinformativo.com.mx\/index.php?rest_route=%2Fwp%2Fv2%2Ftags&post=23543"}],"curies":[{"name":"wp","href":"https:\/\/api.w.org\/{rel}","templated":true}]}}