{"id":23545,"date":"2022-02-15T11:02:03","date_gmt":"2022-02-15T17:02:03","guid":{"rendered":"https:\/\/encuentroinformativo.com.mx\/?p=23545"},"modified":"2022-02-15T11:02:06","modified_gmt":"2022-02-15T17:02:06","slug":"bloquean-boulevard-xalapa-banderilla-reclaman-servicios","status":"publish","type":"post","link":"https:\/\/encuentroinformativo.com.mx\/?p=23545","title":{"rendered":"Bloquean Boulevard Xalapa &#8211; Banderilla, reclaman servicios"},"content":{"rendered":"\n<p><strong>Juan Arcos <\/strong><\/p>\n\n\n\n<p>Xalapa, Ver.- Vecinos de tres colonias protestaron y cerraron dos carriles del bulevar Banderilla &#8211; Xalapa, a la altura de la colonia 21 de Marzo, para exigir drenaje, pavimentaci\u00f3n de calles y otras obras.<\/p>\n\n\n\n<p>Los quejosos tambi\u00e9n obstruyeron la vialidad en la calle Mart\u00edn Torres, para presionar a las autoridades municipales reclamar que sus demandas fuesen atendidas lo antes posible.<\/p>\n\n\n\n<p>Se trata de pobladores de La Ca\u00f1ada, Loma Bonita y Represillas, quienes integran la agrupaci\u00f3n Colonias Unidas 21 de Marzo y mantienen un bloqueo parcial con direcci\u00f3n a la capital del estado.<\/p>\n\n\n\n<p>\u201cEst\u00e1s entrando a las colonias m\u00e1s olvidadas de Xalapa, fundadas hace m\u00e1s de 30 a\u00f1os. Exigimos a las autoridades tomen cartas en el asunto para una pronta pavimentacion y mejores servicios. \u00bfD\u00f3nde est\u00e1 la 4T? aqu\u00ed no la vemos, queremos hechos no promesas\u201d, se lee en una lona.<\/p>\n\n\n\n<p>De acuerdo con H\u00e9ctor Melo Guevara, de la colonia La Ca\u00f1ada, la falta de obra p\u00fablica impide que los habitantes accedan a servicios b\u00e1sicos, pues es complicado el ingreso de ambulancias y patrullas.<\/p>\n\n\n\n<p>El entrevistado coment\u00f3 que en temporada de lluvias resulta y intransitable el camino para acceder a las colonias mencionadas.<\/p>\n\n\n\n<p>\u201cEn la inundaci\u00f3n que hubo hace poco, tuvimos muchos da\u00f1os, fallecieron muchos ni\u00f1os. A lo mejor, dicen: estaban mal ubicados, tal vez s\u00ed, pero no hab\u00eda d\u00f3nde vivir. No pudieron pasar los polic\u00edas, los servicios de emergencia, los ni\u00f1os fallecieron\u201d, record\u00f3.<\/p>\n\n\n\n<p>En la colonia Loma Bonita muri\u00f3 una menor sepultada tras un derrumbe que ocasionaron las fuertes lluvias el pasado 21 de agosto por el paso del hurac\u00e1n \u201c<em>Grace<\/em>\u201d.<\/p>\n\n\n\n<p>Ese mismo d\u00eda, cerca de ese lugar, en la colonia Brisas del Sede\u00f1o, tambi\u00e9n murieron sepultados cinco menores y su madre, a causa de un deslave.<\/p>\n\n\n\n<p>Desde la administraci\u00f3n municipal que encabez\u00f3 Elizabeth Morales Garc\u00eda, hace m\u00e1s de ocho a\u00f1os, han solicitado servicios b\u00e1sicos para sus colonias; sin embargo, la gente se dice ignorada.<\/p>\n\n\n\n<p>Una comisi\u00f3n integrada por los representantes de los manifestantes fue atendida por autoridades en el Palacio Municipal, para llegar a un acuerdo y atender sus peticiones.<\/p>\n\n\n\n<figure class=\"wp-block-image size-large\"><img loading=\"lazy\" decoding=\"async\" width=\"1024\" height=\"768\" src=\"https:\/\/encuentroinformativo.com.mx\/wp-content\/uploads\/2022\/02\/F4A6E508-7699-43EF-AA73-70E01A3CA8E7-1024x768.jpeg\" alt=\"\" class=\"wp-image-23547\" srcset=\"https:\/\/encuentroinformativo.com.mx\/wp-content\/uploads\/2022\/02\/F4A6E508-7699-43EF-AA73-70E01A3CA8E7-1024x768.jpeg 1024w, https:\/\/encuentroinformativo.com.mx\/wp-content\/uploads\/2022\/02\/F4A6E508-7699-43EF-AA73-70E01A3CA8E7-300x225.jpeg 300w, https:\/\/encuentroinformativo.com.mx\/wp-content\/uploads\/2022\/02\/F4A6E508-7699-43EF-AA73-70E01A3CA8E7-768x576.jpeg 768w, https:\/\/encuentroinformativo.com.mx\/wp-content\/uploads\/2022\/02\/F4A6E508-7699-43EF-AA73-70E01A3CA8E7-1536x1152.jpeg 1536w, https:\/\/encuentroinformativo.com.mx\/wp-content\/uploads\/2022\/02\/F4A6E508-7699-43EF-AA73-70E01A3CA8E7.jpeg 2016w\" sizes=\"auto, (max-width: 1024px) 100vw, 1024px\" \/><\/figure>\n","protected":false},"excerpt":{"rendered":"<p>Juan Arcos Xalapa, Ver.- Vecinos de tres colonias protestaron y cerraron dos carriles del bulevar Banderilla &#8211; Xalapa, a la altura de la colonia 21 de Marzo, para exigir drenaje, pavimentaci\u00f3n de calles y otras obras. Los quejosos tambi\u00e9n obstruyeron la vialidad en la calle Mart\u00edn Torres, para presionar a las autoridades municipales reclamar que [&hellip;]<\/p>\n","protected":false},"author":1,"featured_media":23546,"comment_status":"open","ping_status":"open","sticky":false,"template":"","format":"standard","meta":{"_jetpack_memberships_contains_paid_content":false,"footnotes":""},"categories":[8],"tags":[],"class_list":["post-23545","post","type-post","status-publish","format-standard","has-post-thumbnail","hentry","category-region"],"jetpack_featured_media_url":"https:\/\/encuentroinformativo.com.mx\/wp-content\/uploads\/2022\/02\/BE6F9EE6-C89A-444A-8489-89E26FCB5A97.jpeg","jetpack_sharing_enabled":true,"jetpack_likes_enabled":true,"amp_enabled":true,"_links":{"self":[{"href":"https:\/\/encuentroinformativo.com.mx\/index.php?rest_route=\/wp\/v2\/posts\/23545","targetHints":{"allow":["GET"]}}],"collection":[{"href":"https:\/\/encuentroinformativo.com.mx\/index.php?rest_route=\/wp\/v2\/posts"}],"about":[{"href":"https:\/\/encuentroinformativo.com.mx\/index.php?rest_route=\/wp\/v2\/types\/post"}],"author":[{"embeddable":true,"href":"https:\/\/encuentroinformativo.com.mx\/index.php?rest_route=\/wp\/v2\/users\/1"}],"replies":[{"embeddable":true,"href":"https:\/\/encuentroinformativo.com.mx\/index.php?rest_route=%2Fwp%2Fv2%2Fcomments&post=23545"}],"version-history":[{"count":1,"href":"https:\/\/encuentroinformativo.com.mx\/index.php?rest_route=\/wp\/v2\/posts\/23545\/revisions"}],"predecessor-version":[{"id":23548,"href":"https:\/\/encuentroinformativo.com.mx\/index.php?rest_route=\/wp\/v2\/posts\/23545\/revisions\/23548"}],"wp:featuredmedia":[{"embeddable":true,"href":"https:\/\/encuentroinformativo.com.mx\/index.php?rest_route=\/wp\/v2\/media\/23546"}],"wp:attachment":[{"href":"https:\/\/encuentroinformativo.com.mx\/index.php?rest_route=%2Fwp%2Fv2%2Fmedia&parent=23545"}],"wp:term":[{"taxonomy":"category","embeddable":true,"href":"https:\/\/encuentroinformativo.com.mx\/index.php?rest_route=%2Fwp%2Fv2%2Fcategories&post=23545"},{"taxonomy":"post_tag","embeddable":true,"href":"https:\/\/encuentroinformativo.com.mx\/index.php?rest_route=%2Fwp%2Fv2%2Ftags&post=23545"}],"curies":[{"name":"wp","href":"https:\/\/api.w.org\/{rel}","templated":true}]}}